{"id":999,"date":"2024-10-20T10:04:39","date_gmt":"2024-10-20T14:04:39","guid":{"rendered":"https:\/\/desdeeltejado.com\/?p=999"},"modified":"2026-02-19T09:53:52","modified_gmt":"2026-02-19T13:53:52","slug":"juan-carlos-salazar-es-el-nuevo-miembro-de-la-academia-boliviana-de-la-lengua","status":"publish","type":"post","link":"https:\/\/desdeeltejado.com\/index.php\/2024\/10\/20\/juan-carlos-salazar-es-el-nuevo-miembro-de-la-academia-boliviana-de-la-lengua\/","title":{"rendered":"Juan Carlos Salazar es el nuevo miembro de la Academia Boliviana de la Lengua"},"content":{"rendered":"\n<p><strong>Br\u00fajula Digital<\/strong><\/p>\n\n\n\n<figure class=\"wp-block-image size-full\"><img loading=\"lazy\" decoding=\"async\" width=\"1024\" height=\"682\" src=\"https:\/\/desdeeltejado.com\/wp-content\/uploads\/2024\/10\/Academia-2.jpeg\" alt=\"\" class=\"wp-image-1032\" srcset=\"https:\/\/desdeeltejado.com\/wp-content\/uploads\/2024\/10\/Academia-2.jpeg 1024w, https:\/\/desdeeltejado.com\/wp-content\/uploads\/2024\/10\/Academia-2-300x200.jpeg 300w, https:\/\/desdeeltejado.com\/wp-content\/uploads\/2024\/10\/Academia-2-768x512.jpeg 768w, https:\/\/desdeeltejado.com\/wp-content\/uploads\/2024\/10\/Academia-2-863x575.jpeg 863w, https:\/\/desdeeltejado.com\/wp-content\/uploads\/2024\/10\/Academia-2-162x108.jpeg 162w\" sizes=\"auto, (max-width: 1024px) 100vw, 1024px\" \/><\/figure>\n\n\n\n<p>La Academia Boliviana de la Lengua, correspondiente de la Real Academia Espa\u00f1ola, incorpor\u00f3 a Juan Carlos Salazar del Barrio como nuevo miembro de n\u00famero, ocupando la emblem\u00e1tica silla \u00ab\u00d1\u00bb.<\/p>\n\n\n\n<p>La ceremonia, realizada este jueves por la noche en la Asociaci\u00f3n de Periodistas de La Paz, destac\u00f3 la trayectoria y el aporte de Salazar al periodismo y la literatura en Bolivia.<\/p>\n\n\n\n<p>Durante su discurso titulado \u201cPeriodismo y Literatura, orillas de un mismo r\u00edo\u00bb, Salazar reflexion\u00f3 sobre la profunda relaci\u00f3n entre ambas disciplinas, se\u00f1alando que \u00abel periodismo y la literatura son dos orillas de un mismo r\u00edo, unidas por la narrativa\u00bb.<\/p>\n\n\n\n<p>Destac\u00f3 que muchos periodistas, como \u00e9l, cruzaron de una orilla a la otra para incursionar en la ficci\u00f3n sin abandonar la cr\u00f3nica, una especialidad a la que le guarda \u201cgran afecto\u201d.<\/p>\n\n\n\n<p>Salazar tambi\u00e9n expres\u00f3 su satisfacci\u00f3n por ocupar la silla \u00ab\u00d1\u00bb, que anteriormente perteneci\u00f3 durante 30 a\u00f1os al destacado periodista y escritor Alfonso Prudencio Claure, m\u00e1s conocido como Paulovich.<\/p>\n\n\n\n<p>\u00abEs un honor heredar esta silla, no s\u00f3lo por lo que representa la letra &#8216;\u00d1&#8217; para nuestro idioma, sino tambi\u00e9n por la trayectoria de quien la ocup\u00f3 antes\u00bb, coment\u00f3.<\/p>\n\n\n\n<p>La respuesta al discurso de ingreso estuvo a cargo de Mariano Baptista Gumucio, exdirector de la Academia, quien elogi\u00f3 la elecci\u00f3n de Salazar, calific\u00e1ndolo como \u00abun candidato solvente y con credenciales \u00fanicas\u00bb.<\/p>\n\n\n\n<p>Tambi\u00e9n resalt\u00f3 la extensa trayectoria internacional de Salazar, quien trabaj\u00f3 como corresponsal de la agencia alemana de noticias en varios pa\u00edses, especialmente en Espa\u00f1a, donde fue reconocido como una de las 100 personalidades latinas m\u00e1s influyentes.<\/p>\n\n\n\n<p>Salazar cubri\u00f3 algunos de los momentos m\u00e1s relevantes de la historia reciente de Am\u00e9rica Latina, incluyendo la guerrilla del Che Guevara en Bolivia y los conflictos en Centroam\u00e9rica y el Cono Sur.<\/p>\n\n\n\n<p>Su experiencia como periodista se complementa con su faceta de escritor, habiendo publicado varios libros de cr\u00f3nicas y cuentos, como \u00abLa guerra en taxi\u00bb, \u00abLa guerrilla que contamos\u00bb, \u00abSemejanzas\u00bb, y \u00abFiguraciones\u00bb. Actualmente, es director de la carrera de Comunicaci\u00f3n de la Universidad Cat\u00f3lica Boliviana \u201cSan Pablo\u201d de La Paz y trabaja en nuevos proyectos literarios, mientras contin\u00faa cultivando su amor por la cr\u00f3nica.<\/p>\n\n\n\n<p>La Academia Boliviana de la Lengua destac\u00f3 que la postulaci\u00f3n de Salazar fue propuesta por la poeta Mar\u00eda Cristina Botello y la fil\u00f3loga Tatiana Alvarado, y aprobada por mayor\u00eda, siguiendo los estatutos de la instituci\u00f3n. Su incorporaci\u00f3n reafirma el compromiso de la academia con la promoci\u00f3n y protecci\u00f3n de las letras en Bolivia. <\/p>\n\n\n\n<p><strong>Br\u00fajula Digital l19l09l24l<\/strong><\/p>\n\n\n\n<p><a href=\"https:\/\/www.brujuladigital.net\/cultura\/2024\/09\/20\/juan-carlos-salazar-es-el-nuevo-miembro-de-la-academia-boliviana-de-la-lengua-37627\">https:\/\/www.brujuladigital.net\/cultura\/2024\/09\/20\/juan-carlos-salazar-es-el-nuevo-miembro-de-la-academia-boliviana-de-la-lengua-37627<\/a><\/p>\n","protected":false},"excerpt":{"rendered":"<p>Br\u00fajula Digital La Academia Boliviana de la Lengua, correspondiente de la Real Academia Espa\u00f1ola, incorpor\u00f3 a Juan Carlos Salazar del Barrio como nuevo miembro de n\u00famero, ocupando la emblem\u00e1tica silla \u00ab\u00d1\u00bb. La ceremonia, realizada este jueves por la noche en la Asociaci\u00f3n de Periodistas de La Paz, destac\u00f3 la trayectoria y el aporte de Salazar &hellip; <a href=\"https:\/\/desdeeltejado.com\/index.php\/2024\/10\/20\/juan-carlos-salazar-es-el-nuevo-miembro-de-la-academia-boliviana-de-la-lengua\/\" class=\"more-link\">Continuar leyendo <span class=\"screen-reader-text\">Juan Carlos Salazar es el nuevo miembro de la Academia Boliviana de la Lengua<\/span><\/a><\/p>\n","protected":false},"author":3,"featured_media":0,"comment_status":"open","ping_status":"open","sticky":false,"template":"","format":"standard","meta":{"_jetpack_memberships_contains_paid_content":false,"footnotes":""},"categories":[5],"tags":[],"class_list":["post-999","post","type-post","status-publish","format-standard","hentry","category-noticiasyentrevistas"],"jetpack_featured_media_url":"","jetpack_sharing_enabled":true,"_links":{"self":[{"href":"https:\/\/desdeeltejado.com\/index.php\/wp-json\/wp\/v2\/posts\/999","targetHints":{"allow":["GET"]}}],"collection":[{"href":"https:\/\/desdeeltejado.com\/index.php\/wp-json\/wp\/v2\/posts"}],"about":[{"href":"https:\/\/desdeeltejado.com\/index.php\/wp-json\/wp\/v2\/types\/post"}],"author":[{"embeddable":true,"href":"https:\/\/desdeeltejado.com\/index.php\/wp-json\/wp\/v2\/users\/3"}],"replies":[{"embeddable":true,"href":"https:\/\/desdeeltejado.com\/index.php\/wp-json\/wp\/v2\/comments?post=999"}],"version-history":[{"count":3,"href":"https:\/\/desdeeltejado.com\/index.php\/wp-json\/wp\/v2\/posts\/999\/revisions"}],"predecessor-version":[{"id":1225,"href":"https:\/\/desdeeltejado.com\/index.php\/wp-json\/wp\/v2\/posts\/999\/revisions\/1225"}],"wp:attachment":[{"href":"https:\/\/desdeeltejado.com\/index.php\/wp-json\/wp\/v2\/media?parent=999"}],"wp:term":[{"taxonomy":"category","embeddable":true,"href":"https:\/\/desdeeltejado.com\/index.php\/wp-json\/wp\/v2\/categories?post=999"},{"taxonomy":"post_tag","embeddable":true,"href":"https:\/\/desdeeltejado.com\/index.php\/wp-json\/wp\/v2\/tags?post=999"}],"curies":[{"name":"wp","href":"https:\/\/api.w.org\/{rel}","templated":true}]}}