{"id":997,"date":"2024-10-20T09:57:07","date_gmt":"2024-10-20T13:57:07","guid":{"rendered":"https:\/\/desdeeltejado.com\/?p=997"},"modified":"2026-02-12T08:58:34","modified_gmt":"2026-02-12T12:58:34","slug":"a-la-guerra-en-taxi-de-juan-carlos-salazar","status":"publish","type":"post","link":"https:\/\/desdeeltejado.com\/index.php\/2024\/10\/20\/a-la-guerra-en-taxi-de-juan-carlos-salazar\/","title":{"rendered":"\u00abA la guerra en taxi\u00bb, de Juan Carlos Salazar"},"content":{"rendered":"\n<p><strong>Por Gonzalo Lema<\/strong>*<\/p>\n\n\n\n<p>Sabemos de los hechos porque alguien los cuenta. Los muy menudos los cuenta el chisme del vecino parado en la puerta de su casa; los medianos, quiz\u00e1s los amigos o nuestra gente pr\u00f3xima frente a un caf\u00e9; pero los grandes hechos, aquellos que inciden en la realidad colectiva, que perturban nuestro bienestar y anhelada paz interior, que narran la explosi\u00f3n del mundo en una esquina, el hondo quiebre de una sociedad apenas visible a nuestros ojos, el fastidio digno de quienes se han propuesto salvar al planeta y concienciar al ser humano, lo cuentan los intr\u00e9pidos y valerosos periodistas de primera fila. La infanter\u00eda de este oficio maravilloso que no duda en arriesgar la vida por el af\u00e1n de informar. L\u00e9ase: denunciar. L\u00e9ase: sensibilizar. L\u00e9ase: etc\u00e9tera.<\/p>\n\n\n\n<p>Mi art\u00edculo lleva el esclarecedor t\u00edtulo del libro de Juan Carlos Salazar del Barrio. Su decente subt\u00edtulo expresa la \u00fanica manera de enfrentarse a la delincuencia de todo orden, a sus balas, a la injusticia que campea, de manera creciente, en toda sociedad, y la posici\u00f3n \u00e9tica de estos profesionales que, a riesgo de sus vidas, afanosos nos sit\u00faan en la perturbadora realidad del siglo que nos toca vivir: <em>Cr\u00f3nicas desarmadas<\/em>. En taxi, con papel y lapicero, tal vez una m\u00e1quina fotogr\u00e1fica, rumbo al conf\u00edn para cubrir el hecho. Entiendo que desarmados de prejuicios, de militancias partidarias, de verdades quietas y gran\u00edticas; armados, claro que s\u00ed, de la pasi\u00f3n de informar con objetividad, con contexto hist\u00f3rico y la conciencia libre de pecado.\u00a0<\/p>\n\n\n\n<p>El barrido de las cr\u00f3nicas de Salazar provoca envidia. Es escalofriante. Es tambi\u00e9n maravilloso. \u00bfAcaso nosotros no anhelamos aventura en nuestra vida? Desde el inquietante rumor de la presencia del Che Guevara en Bolivia, hasta el fantasmal terrorismo de Oriente en capitales de Occidente; desde el muy infame Plan C\u00f3ndor de las sanguinarias dictaduras suramericanas, hasta la b\u00fasqueda de respuestas de los hijos y nietos de la revoluci\u00f3n cubana; desde el expectante retorno de Per\u00f3n, hasta el rezo de Chan Kim Viejo, el patriarca Lacand\u00f3n, a sus dioses de la selva. En fin: desde la utop\u00eda que embauc\u00f3 y embarc\u00f3 a la generaci\u00f3n de los 60, hasta los descre\u00eddos milennians actuales, incapaces de cerrar los ojos y, en la abstracci\u00f3n, concretar la idea de un pa\u00eds diverso en culturas y etnias.&nbsp;<\/p>\n\n\n\n<p>Salazar narra los hechos en primer\u00edsima persona porque es testigo de cuanto sucede. Esa primera l\u00ednea de informaci\u00f3n y verificaci\u00f3n de los hechos nutre de vitalidad su cr\u00f3nica, a\u00fan salpicada de dudas o convicci\u00f3n. El lector se siente conmovido y avanza en el proceso de lectura que, yo dir\u00eda, tambi\u00e9n es ideologizante, sensibilizador y ampliador de la conciencia pol\u00edtica, que buena falta nos hace. Es buen libro y opera en nosotros sin descanso.<\/p>\n\n\n\n<p>Muchas de estas cr\u00f3nicas me han reordenado las informaciones de la prensa que, en su momento, recib\u00ed. Noticias, unas detr\u00e1s de otras, o aisladas, que, como cualquier persona, trat\u00e9 de armarlas como quien trabaja un rompe cabezas. Las cr\u00f3nicas me las contaron de nuevo, pero en estricto orden, muy ce\u00f1idas a los famosos hechos, y con valioso contexto hist\u00f3rico, para que por fin yo comprenda lo sucedido casi siempre a la distancia temporal o espacial. Al mismo tiempo, me ayudaron a reflexionar e imaginar sobre el valor de lo aparentemente nimio.&nbsp;<\/p>\n\n\n\n<p>Es el caso de \u201cCronolog\u00eda de un instante\u201d, cr\u00f3nica en la que Salazar narra lo sucedido el 17 de julio de 1980. El golpe de Estado de Garc\u00eda Meza se hab\u00eda desatado y los l\u00edderes de CONADE, Consejo Nacional de Defensa de la Democracia, leyeron un texto convocando a la resistencia general. \u00bfQu\u00e9 sucedi\u00f3? Que los integrantes del canal estatal llegaron tarde a la conferencia de prensa y solicitaron que se volviera a leer todo el texto para grabarlo y difundirlo. As\u00ed lo hicieron, como atestigua la foto hist\u00f3rica. Los rostros de los l\u00edderes reflejan la angustia mientras el minero Sim\u00f3n Reyes rele\u00eda el comunicado con la voz m\u00e1s firme posible. Fue una amabilidad fatal, desgraciada: los paramilitares irrumpieron en el ambiente, ordenaron que se bajara las gradas con brazos en alto, y un esbirro reconoci\u00f3 al gran Marcelo Quiroga Santa Cruz. \u201c\u00a1Es \u00e9l!\u201d, exclam\u00f3. Y pronto le vaci\u00f3 el cargador de su arma. \u201c\u00a1Fueron por \u00e9l!\u201d, rememor\u00f3 siempre \u00d3scar Eid Franco.<\/p>\n\n\n\n<p>Muy valioso libro que Salazar nos regala para estar al tanto (es posible) de nosotros mismos. \u00bfQu\u00e9 ser\u00eda el mundo sin cr\u00f3nicas period\u00edsticas? Algo plano, recortado de atr\u00e1s, sin densidad. Ni siquiera podr\u00edamos imaginar el futuro.<\/p>\n\n\n\n<p>*Escritor<\/p>\n\n\n\n<p><strong>Ramona\/Opini\u00f3n \u2013 1 de septiembre de 2024<\/strong><\/p>\n\n\n\n<p><a href=\"https:\/\/www.opinion.com.bo\/articulo\/ramona\/guerra-taxi-juan-carlos-\">https:\/\/www.opinion.com.bo\/articulo\/ramona\/guerra-taxi-juan-carlos-<\/a><\/p>\n","protected":false},"excerpt":{"rendered":"<p>Por Gonzalo Lema* Sabemos de los hechos porque alguien los cuenta. Los muy menudos los cuenta el chisme del vecino parado en la puerta de su casa; los medianos, quiz\u00e1s los amigos o nuestra gente pr\u00f3xima frente a un caf\u00e9; pero los grandes hechos, aquellos que inciden en la realidad colectiva, que perturban nuestro bienestar &hellip; <a href=\"https:\/\/desdeeltejado.com\/index.php\/2024\/10\/20\/a-la-guerra-en-taxi-de-juan-carlos-salazar\/\" class=\"more-link\">Continuar leyendo <span class=\"screen-reader-text\">\u00abA la guerra en taxi\u00bb, de Juan Carlos Salazar<\/span><\/a><\/p>\n","protected":false},"author":3,"featured_media":0,"comment_status":"open","ping_status":"open","sticky":false,"template":"","format":"standard","meta":{"_jetpack_memberships_contains_paid_content":false,"footnotes":""},"categories":[6],"tags":[],"class_list":["post-997","post","type-post","status-publish","format-standard","hentry","category-resenas"],"jetpack_featured_media_url":"","jetpack_sharing_enabled":true,"_links":{"self":[{"href":"https:\/\/desdeeltejado.com\/index.php\/wp-json\/wp\/v2\/posts\/997","targetHints":{"allow":["GET"]}}],"collection":[{"href":"https:\/\/desdeeltejado.com\/index.php\/wp-json\/wp\/v2\/posts"}],"about":[{"href":"https:\/\/desdeeltejado.com\/index.php\/wp-json\/wp\/v2\/types\/post"}],"author":[{"embeddable":true,"href":"https:\/\/desdeeltejado.com\/index.php\/wp-json\/wp\/v2\/users\/3"}],"replies":[{"embeddable":true,"href":"https:\/\/desdeeltejado.com\/index.php\/wp-json\/wp\/v2\/comments?post=997"}],"version-history":[{"count":3,"href":"https:\/\/desdeeltejado.com\/index.php\/wp-json\/wp\/v2\/posts\/997\/revisions"}],"predecessor-version":[{"id":1107,"href":"https:\/\/desdeeltejado.com\/index.php\/wp-json\/wp\/v2\/posts\/997\/revisions\/1107"}],"wp:attachment":[{"href":"https:\/\/desdeeltejado.com\/index.php\/wp-json\/wp\/v2\/media?parent=997"}],"wp:term":[{"taxonomy":"category","embeddable":true,"href":"https:\/\/desdeeltejado.com\/index.php\/wp-json\/wp\/v2\/categories?post=997"},{"taxonomy":"post_tag","embeddable":true,"href":"https:\/\/desdeeltejado.com\/index.php\/wp-json\/wp\/v2\/tags?post=997"}],"curies":[{"name":"wp","href":"https:\/\/api.w.org\/{rel}","templated":true}]}}