{"id":993,"date":"2024-10-20T09:06:12","date_gmt":"2024-10-20T13:06:12","guid":{"rendered":"https:\/\/desdeeltejado.com\/?p=993"},"modified":"2026-02-11T08:33:29","modified_gmt":"2026-02-11T12:33:29","slug":"el-testimonio-valiente-de-cuatro-periodistas","status":"publish","type":"post","link":"https:\/\/desdeeltejado.com\/index.php\/2024\/10\/20\/el-testimonio-valiente-de-cuatro-periodistas\/","title":{"rendered":"El testimonio valiente de cuatro periodistas"},"content":{"rendered":"\n<p><strong>Por Javier Medrano<\/strong><\/p>\n\n\n\n<p>A\u00f1o contra a\u00f1o, las aulas de las universidades que ofrecen la carrera de comunicaci\u00f3n \u2013en su mayor\u00eda comunicaci\u00f3n corporativa y ya no periodismo, como tal\u2013 se van vaciando. Solo en Espa\u00f1a, seg\u00fan un estudio de la Universidad Complutense de Madrid, la opci\u00f3n por estudiar periodismo cay\u00f3 en un 19%. Dato que va en aumento. Si a esto sumamos que los medios ya no ofrecen estabilidad laboral, salarios competitivos y que no existen filtros para evitar que cualquier persona se autonombre periodista y haga un uso y abuso de un micr\u00f3fono, vale la pena preguntarse si el periodismo, como oficio, est\u00e1 en crisis o si la industria medi\u00e1tica est\u00e1 colapsando.<\/p>\n\n\n\n<p>Desde mi punto de vista, el negocio de la comunicaci\u00f3n est\u00e1 en crisis. Sin duda alguna. El consumo de informaci\u00f3n ha sufrido un cambio dr\u00e1stico y es imparable. Los medios de comunicaci\u00f3n, de hecho, ya no informan, solo validan informaciones. TikTok, WhatsApp y las plataformas digitales les han roto el espinazo a las casas period\u00edsticas. Nadie valora un reportaje, una cr\u00f3nica, una investigaci\u00f3n, una suscripci\u00f3n paga. La oferta informativa, ahora, es policial y amarillista. La calidad informativa se ha ido por el traste en Bolivia.<\/p>\n\n\n\n<p>Lo que hay ahora es ruido. Desinformaci\u00f3n y estigmatizaci\u00f3n. Ideologizaci\u00f3n y mediocridad. Los gobiernos de turno saben de esta crisis. Se regodean porque saben que no tendr\u00e1n contrapeso, fiscalizaci\u00f3n, control. Aprovechan el contexto para apretar mucho m\u00e1s el grillete en el cuello de los periodistas y la asfixia es insoportable e insostenible. Se ha vuelto una industria para corajudos y, casi, dir\u00eda, para desquiciados.<\/p>\n\n\n\n<p>En este panorama aciago, cuatro ex directores de P\u00e1gina Siete, escribieron juntos un extraordinario libro testimonial narrando sus experiencias y avatares para honrar al noble oficio del periodismo. Lo dieron todo. Se desvelaron, sufrieron dolores de est\u00f3mago, infamias, calumnias, juicios, insultos p\u00fablicos groseros; sus familias y amigos vieron sus dramas y, pese a todo, siguieron tecleando e informando, protegidos bajo un manto sagrado: el periodismo independiente.<\/p>\n\n\n\n<p>Isabel Mercado, Ra\u00fal Pe\u00f1aranda, Juan Carlos Salazar y Mery Vaca son sus autores. El libro titula&nbsp;<em>Contra viento y marea. Nacimiento, auge y cierre de P\u00e1gina Siete<\/em>&nbsp;(Plural, 2024). Cada uno vivi\u00f3 un periodo dur\u00edsimo y sus relatos son una memoria viva de cada etapa funesta que les toco remar. Desde un principio el nacimiento de P\u00e1gina Siete tuvo sus tropiezos. La creaci\u00f3n de su logo y su cambio a \u00faltimo momento antes de su salida, hasta la dura batalla por su digitalizaci\u00f3n e innovaci\u00f3n frente a un mercado ingrato, fueron su karma.<\/p>\n\n\n\n<p>Bajo sus ojos fiscalizadores, pasaron crisis como la masacre de Chaparina, el \u201cZapatagate\u201d, la millonaria corrupci\u00f3n del FONDIOC, la revoluci\u00f3n de las pititas, la renuncia de uno de los pol\u00edticos m\u00e1s infames como lo fue y sigue siendo Evo Morales junto a su recua de ac\u00f3litos que cada d\u00eda, durante m\u00e1s de 16 a\u00f1os \u2013incluso m\u00e1s\u2013 hostigaron, amedrentaron, persiguieron, enjuiciaron y calumniaron de una manera permanente no solo a los periodistas de P\u00e1gina Siete sino a todos los medios de comunicaci\u00f3n independientes que fueron metidos en una bolsa calumniosa llamada \u201cel c\u00e1rtel de la mentira\u201d.<\/p>\n\n\n\n<p>Enfrentaron permanentes ataques cibern\u00e9ticos, asfixia publicitaria del Estado, sangr\u00edas mensuales de impuestos nacionales, les toc\u00f3 \u2013como a todos los medios y empresas\u2013 lidiar con una pandemia que aceler\u00f3 profundos procesos de reingenier\u00eda, de log\u00edstica y de una reinvenci\u00f3n, una vez m\u00e1s, de ofertas informativas y comerciales. La crisis fue transversal.<\/p>\n\n\n\n<p>El alivio de una inyecci\u00f3n de capital nunca lleg\u00f3 y el cierre fue inevitable. La carga morosa de salarios fue inmanejable y todas las innovaciones digitales no resultaron, debido a un mercado de consumo de informaci\u00f3n cuya cultura no valora la calidad period\u00edstica. Intentaron de todo, hicieron mil y una malabares, pero el destino parec\u00eda que ya ten\u00eda todo resuelto.<\/p>\n\n\n\n<p>Eso s\u00ed. Dejaron el list\u00f3n muy en alto como periodistas junto a sus redacciones y jefaturas. Las m\u00e1s premiadas y reconocidas nacional e internacionalmente. Todos pusieron el hombro. Lo s\u00e9 porque lo vi y lo presenci\u00e9. Gracias Isabel, Mery, Juan Carlos y Ra\u00fal. Sus testimonios deben ser, ahora, lectura obligatoria para todos los periodistas, para las universidades y sociedad con el expreso fin de que valoren, un poco m\u00e1s, el noble oficio del periodismo independiente que lucha contra los autoritarismos y totalitarismos. Una democracia sin medios independientes est\u00e1 condenada a la oscuridad.<\/p>\n\n\n\n<p><strong>Br\u00fajula Digital \/14\/03\/24\/<\/strong><\/p>\n\n\n\n<p><a href=\"https:\/\/brujuladigital.net\/cultura\/2024\/03\/14\/opinioncontra-viento-y-marea-el-testimonio-valiente-de-cuatro-periodistasjavier-medrano-31079\">https:\/\/brujuladigital.net\/cultura\/2024\/03\/14\/opinioncontra-viento-y-marea-el-testimonio-valiente-de-cuatro-periodistasjavier-medrano-31079<\/a><\/p>\n","protected":false},"excerpt":{"rendered":"<p>Por Javier Medrano A\u00f1o contra a\u00f1o, las aulas de las universidades que ofrecen la carrera de comunicaci\u00f3n \u2013en su mayor\u00eda comunicaci\u00f3n corporativa y ya no periodismo, como tal\u2013 se van vaciando. Solo en Espa\u00f1a, seg\u00fan un estudio de la Universidad Complutense de Madrid, la opci\u00f3n por estudiar periodismo cay\u00f3 en un 19%. Dato que va &hellip; <a href=\"https:\/\/desdeeltejado.com\/index.php\/2024\/10\/20\/el-testimonio-valiente-de-cuatro-periodistas\/\" class=\"more-link\">Continuar leyendo <span class=\"screen-reader-text\">El testimonio valiente de cuatro periodistas<\/span><\/a><\/p>\n","protected":false},"author":3,"featured_media":0,"comment_status":"open","ping_status":"open","sticky":false,"template":"","format":"standard","meta":{"_jetpack_memberships_contains_paid_content":false,"footnotes":""},"categories":[6],"tags":[],"class_list":["post-993","post","type-post","status-publish","format-standard","hentry","category-resenas"],"jetpack_featured_media_url":"","jetpack_sharing_enabled":true,"_links":{"self":[{"href":"https:\/\/desdeeltejado.com\/index.php\/wp-json\/wp\/v2\/posts\/993","targetHints":{"allow":["GET"]}}],"collection":[{"href":"https:\/\/desdeeltejado.com\/index.php\/wp-json\/wp\/v2\/posts"}],"about":[{"href":"https:\/\/desdeeltejado.com\/index.php\/wp-json\/wp\/v2\/types\/post"}],"author":[{"embeddable":true,"href":"https:\/\/desdeeltejado.com\/index.php\/wp-json\/wp\/v2\/users\/3"}],"replies":[{"embeddable":true,"href":"https:\/\/desdeeltejado.com\/index.php\/wp-json\/wp\/v2\/comments?post=993"}],"version-history":[{"count":2,"href":"https:\/\/desdeeltejado.com\/index.php\/wp-json\/wp\/v2\/posts\/993\/revisions"}],"predecessor-version":[{"id":1088,"href":"https:\/\/desdeeltejado.com\/index.php\/wp-json\/wp\/v2\/posts\/993\/revisions\/1088"}],"wp:attachment":[{"href":"https:\/\/desdeeltejado.com\/index.php\/wp-json\/wp\/v2\/media?parent=993"}],"wp:term":[{"taxonomy":"category","embeddable":true,"href":"https:\/\/desdeeltejado.com\/index.php\/wp-json\/wp\/v2\/categories?post=993"},{"taxonomy":"post_tag","embeddable":true,"href":"https:\/\/desdeeltejado.com\/index.php\/wp-json\/wp\/v2\/tags?post=993"}],"curies":[{"name":"wp","href":"https:\/\/api.w.org\/{rel}","templated":true}]}}