{"id":990,"date":"2024-10-20T09:02:14","date_gmt":"2024-10-20T13:02:14","guid":{"rendered":"https:\/\/desdeeltejado.com\/?p=990"},"modified":"2026-02-18T15:58:18","modified_gmt":"2026-02-18T19:58:18","slug":"contra-viento-y-marea","status":"publish","type":"post","link":"https:\/\/desdeeltejado.com\/index.php\/2024\/10\/20\/contra-viento-y-marea\/","title":{"rendered":"Contra Viento y Marea"},"content":{"rendered":"\n<p>Por <strong>Sonia Monta\u00f1o Virreira<\/strong><\/p>\n\n\n\n<figure class=\"wp-block-image size-large\"><img loading=\"lazy\" decoding=\"async\" width=\"1024\" height=\"768\" src=\"https:\/\/desdeeltejado.com\/wp-content\/uploads\/2024\/10\/IMG-20250201-WA0006-1024x768.jpg\" alt=\"\" class=\"wp-image-1205\" srcset=\"https:\/\/desdeeltejado.com\/wp-content\/uploads\/2024\/10\/IMG-20250201-WA0006-1024x768.jpg 1024w, https:\/\/desdeeltejado.com\/wp-content\/uploads\/2024\/10\/IMG-20250201-WA0006-300x225.jpg 300w, https:\/\/desdeeltejado.com\/wp-content\/uploads\/2024\/10\/IMG-20250201-WA0006-768x576.jpg 768w, https:\/\/desdeeltejado.com\/wp-content\/uploads\/2024\/10\/IMG-20250201-WA0006-863x647.jpg 863w, https:\/\/desdeeltejado.com\/wp-content\/uploads\/2024\/10\/IMG-20250201-WA0006-144x108.jpg 144w, https:\/\/desdeeltejado.com\/wp-content\/uploads\/2024\/10\/IMG-20250201-WA0006.jpg 1280w\" sizes=\"auto, (max-width: 1024px) 100vw, 1024px\" \/><\/figure>\n\n\n\n<p>El pr\u00f3ximo 6 de febrero se presentar\u00e1 el libro \u201cContra viento y marea\u201d, escrito por cuatro exdirectores de P\u00e1gina Siete (P7), un medio cuya vida merec\u00eda ser m\u00e1s larga y que reflej\u00f3 los riesgos que enfrentan quienes dicen la verdad en contextos donde la democracia est\u00e1 amenazada. El libro es un testimonio a cuatro voces sobre c\u00f3mo oper\u00f3 la destrucci\u00f3n de la prensa independiente que, como dice el nicarag\u00fcense Sergio Ram\u00edrez en el pr\u00f3logo, ocurre \u201ccuando la palabra libre cobra sus fueros, y se vuelve temida, porque el poder autoritario prefiere la palabra oficial, que es igual al silencio.\u201d<\/p>\n\n\n\n<p>Sobre el tema, Juan Carlos Salazar concluye que le \u201cpreocupa esa percepci\u00f3n en determinados sectores de la sociedad, de que el periodismo independiente es un riesgo. En una sociedad democr\u00e1tica, en un Estado de derecho, no cabe o no deber\u00eda caber ese temor\u201d, dice.<\/p>\n\n\n\n<p>El t\u00edtulo del libro refleja el sentido que le dieron cuatro directores y un equipo de periodistas y trabajadores, que durante 13 a\u00f1os llevaron a cabo una empresa que no solo fue contra el viento, si no contra varias tormentas digitadas desde el poder. Tormentas, subida peri\u00f3dica de las aguas fiscales y penales, que buscaban ahogar un medio nacido para ocupar el espacio vac\u00edo de la libertad de expresi\u00f3n. Esa constelaci\u00f3n virtuosa de los cuatro directores fue posible adem\u00e1s \u2013como dicen en la dedicatoria\u2013 \u201cgracias a los miles de lectores de P\u00e1gina Siete\u201d.<\/p>\n\n\n\n<p>La historia de P7 es un repaso brutal de la historia reciente del pa\u00eds vivida desde una Redacci\u00f3n, un llamado a tomar conciencia sobre el abuso del poder, pero tambi\u00e9n sobre los silencios de la sociedad. Nos hemos acostumbrado a la arbitrariedad y somos capaces de sobrevivir sin chistar ante el cierre de medios de comunicaci\u00f3n y tantos hechos que dan cuenta de una sociedad donde los derechos est\u00e1n en extinci\u00f3n. Acostumbrados a las d\u00e1divas no fuimos capaces de pagar el derecho a la informaci\u00f3n. Salazar se pregunta \u00bffalt\u00f3 el apoyo material de los lectores y\/o de empresarios que creyeran genuinamente en la importancia de un periodismo cr\u00edtico? Y Mery Vaca responde con una reflexi\u00f3n de fondo: \u201ccuando P\u00e1gina Siete ces\u00f3 sus operaciones, fue extra\u00f1o escuchar a diversos actores de la sociedad decir que no sab\u00edan que la situaci\u00f3n era tan grave y que, de haberlo sabido, habr\u00edan apoyado econ\u00f3micamente al medio\u201d.<\/p>\n\n\n\n<p>A medida que se leen los textos de los autores se siente el aumento de la presi\u00f3n y el dolor compartido por cada uno de ellos. Leemos historias que muestran la estrategia gubernamental para la destrucci\u00f3n de P7, que incluy\u00f3 el aprovechamiento malicioso de hechos noticiosos, pero tambi\u00e9n la valent\u00eda de periodistas como Liliana Carrillo, Noelia Zelaya y Tania Sossa, autoras de un reportaje que involucr\u00f3 a m\u00e1s periodistas y que fue premiado por Ban Ki-moon \u2013secretario General de Naciones Unidas\u2013 mostr\u00f3 la realidad del pa\u00eds y el padecimiento que sufrieron las tres mujeres para realizarlo. El libro muestra muchas y conmovedoras historias en defensa de la libertad de informaci\u00f3n. En especial, el relato de Pe\u00f1aranda no tiene desperdicio.<\/p>\n\n\n\n<p>Salazar, quien asume la direcci\u00f3n luego de haber tenido una exitosa trayectoria como periodista internacional, relata c\u00f3mo le gana su vocaci\u00f3n por un periodismo que incomoda al poder y suspende su retiro del periodismo activo asumiendo un desaf\u00edo que tuvo que priorizar la supervivencia de P7, peligro que tiene en riesgo a muchos medios. Lo ocurrido con este medio es parte de un fen\u00f3meno global y nacional. \u201cSi bien es cierto \u2013dice Mercado\u2013 que afortunadamente en el pa\u00eds no se han registrado periodistas asesinados ni desaparecidos, formas sutiles pero efectivas de presiones y limitaciones al trabajo de la prensa tienen el efecto de una censura\u201d.<\/p>\n\n\n\n<p>Oscar Mart\u00ednez, destacado periodista salvadore\u00f1o y director de El Faro dice: \u201cEl periodismo debe plantearse cuestiones complejas, es decir, preguntarse a qui\u00e9n le compraste esa comida, por qu\u00e9 otorgaste ese contrato a un funcionario, por qu\u00e9 eliminaste ese criterio de compra p\u00fablica, por qu\u00e9 negociaste con las pandillas para reducir los homicidios\u201d.<\/p>\n\n\n\n<p>Muchas de esas preguntas complejas se hicieron quienes trabajaron en P7: la cobertura de la marcha ind\u00edgena, la situaci\u00f3n de la salud, la gravedad de los enfermos de c\u00e1ncer, la violencia contra las mujeres; el \u201ccaso Zapata\u201d, el 21F, el desfalco del Fondo Ind\u00edgena, la muerte de viceministro Illanes, el caso del bebe Alexander y mucho m\u00e1s. En todos esos ejemplos, P7 mostr\u00f3 profesionalismo y seriedad, pero bast\u00f3 una noticia sin verificar sobre la muerte de un beb\u00e9 y la cobard\u00eda de un sacerdote que se neg\u00f3 a reconocer su dicho sobre la excomuni\u00f3n de ministros favorables al aborto para que se multiplicaran los ataques al medio y provocaran la salida del primer director. Si algo se le puede criticar al texto de Pe\u00f1aranda es que al autocriticar errores cometidos renuncia por \u201cno haber dirigido bien el peri\u00f3dico y no haber instalado un adecuado sistema de filtros. Adem\u00e1s \u2013dice\u2013 le hab\u00edamos regalado al Gobierno una oportunidad \u00fanica para volver a asediarnos\u201d. La verdad es que Pe\u00f1aranda como los otros directores fueron valientes y resistieron el maltrato, m\u00e1s all\u00e1 de lo humano.<\/p>\n\n\n\n<p>Ra\u00fal Pe\u00f1aranda relata que \u201cla presi\u00f3n aument\u00f3 en el momento en que el Gobierno controlaba dos tercios de ambas c\u00e1maras del Legislativo, el sistema judicial, el Ministerio P\u00fablico, todas las antiguas superintendencias, la Contralor\u00eda General, el grueso de los sindicatos, dos tercios de municipios y gobernaciones y buena parte del sistema medi\u00e1tico; pero todav\u00eda quer\u00eda m\u00e1s. Las encuestas se\u00f1alaban que Morales ten\u00eda posibilidades ciertas de ser reelecto en 2014. Pero quer\u00eda m\u00e1s. Quer\u00eda controlarlo todo\u201d. Es que, efectivamente, sin el control sobre la prensa, el autoritarismo cojea.<\/p>\n\n\n\n<p>Isabel Mercado, siempre acechada por la tormenta, da cuenta de la creatividad y los esfuerzos en favor de la innovaci\u00f3n digital, la investigaci\u00f3n de calidad mientras se alimentaba la esperanza de nuevas inversiones para enfrentar la falta de publicidad.<\/p>\n\n\n\n<p>Ya Salazar hab\u00eda visto c\u00f3mo la animadversi\u00f3n pol\u00edtica se tradujo en abierto boicot econ\u00f3mico. \u201cYa no se trataba \u00fanicamente de la exclusi\u00f3n de P7 de la pauta publicitaria estatal, sino, incluso, de las presiones que ejerc\u00edan las autoridades a la iniciativa privada para que no se anunciara en el peri\u00f3dico\u201d.<\/p>\n\n\n\n<p>M\u00e1s adelante, Mery Vaca muestra c\u00f3mo la pandemia \u2013sobre llovido mojado\u2013 agrava la crisis econ\u00f3mica mostrando la serie de factores que desataron la tormenta: acoso judicial, represi\u00f3n de periodistas, bloqueo informativo, innovaci\u00f3n digital sin recursos y todo para mantener la independencia del peri\u00f3dico en un contexto de polarizaci\u00f3n y alineamiento de la mayor\u00eda de los medios con el poder.<\/p>\n\n\n\n<p>Los cuatro testimonios son valiosos porque muestran los esfuerzos y el compromiso de los cuatro, pero sin duda es el relato de Mery el que produce un nudo en la garganta porque muestra hasta las l\u00e1grimas que, adem\u00e1s de los errores cometidos en la gesti\u00f3n y que derivaron en la p\u00e9rdida de un derecho para los lectores, las victimas \u00faltimas fueron el equipo de trabajadores que aun demandan se cumplan las obligaciones y se respeten sus derechos.<\/p>\n\n\n\n<p><strong>Br\u00fajula Digital \/04\/02\/24\/<\/strong><\/p>\n\n\n\n<p><\/p>\n\n\n\n<p><a href=\"https:\/\/brujuladigital.net\/opinion\/contra-viento-y-marea?fbclid=IwY2xjawF-jTtleHRuA2FlbQIxMQABHUsKd_qA6SiY8LaOMes8SXY6-zECnLmp26qoIsWaDdhqNdzzothk\">https:\/\/brujuladigital.net\/opinion\/contra-viento-y-marea?fbclid=IwY2xjawF-jTtleHRuA2FlbQIxMQABHUsKd_qA6SiY8LaOMes8SXY6-zECnLmp26qoIsWaDdhqNdzzothk<\/a><\/p>\n","protected":false},"excerpt":{"rendered":"<p>Por Sonia Monta\u00f1o Virreira El pr\u00f3ximo 6 de febrero se presentar\u00e1 el libro \u201cContra viento y marea\u201d, escrito por cuatro exdirectores de P\u00e1gina Siete (P7), un medio cuya vida merec\u00eda ser m\u00e1s larga y que reflej\u00f3 los riesgos que enfrentan quienes dicen la verdad en contextos donde la democracia est\u00e1 amenazada. El libro es un &hellip; <a href=\"https:\/\/desdeeltejado.com\/index.php\/2024\/10\/20\/contra-viento-y-marea\/\" class=\"more-link\">Continuar leyendo <span class=\"screen-reader-text\">Contra Viento y Marea<\/span><\/a><\/p>\n","protected":false},"author":3,"featured_media":0,"comment_status":"open","ping_status":"open","sticky":false,"template":"","format":"standard","meta":{"_jetpack_memberships_contains_paid_content":false,"footnotes":""},"categories":[6],"tags":[],"class_list":["post-990","post","type-post","status-publish","format-standard","hentry","category-resenas"],"jetpack_featured_media_url":"","jetpack_sharing_enabled":true,"_links":{"self":[{"href":"https:\/\/desdeeltejado.com\/index.php\/wp-json\/wp\/v2\/posts\/990","targetHints":{"allow":["GET"]}}],"collection":[{"href":"https:\/\/desdeeltejado.com\/index.php\/wp-json\/wp\/v2\/posts"}],"about":[{"href":"https:\/\/desdeeltejado.com\/index.php\/wp-json\/wp\/v2\/types\/post"}],"author":[{"embeddable":true,"href":"https:\/\/desdeeltejado.com\/index.php\/wp-json\/wp\/v2\/users\/3"}],"replies":[{"embeddable":true,"href":"https:\/\/desdeeltejado.com\/index.php\/wp-json\/wp\/v2\/comments?post=990"}],"version-history":[{"count":3,"href":"https:\/\/desdeeltejado.com\/index.php\/wp-json\/wp\/v2\/posts\/990\/revisions"}],"predecessor-version":[{"id":1206,"href":"https:\/\/desdeeltejado.com\/index.php\/wp-json\/wp\/v2\/posts\/990\/revisions\/1206"}],"wp:attachment":[{"href":"https:\/\/desdeeltejado.com\/index.php\/wp-json\/wp\/v2\/media?parent=990"}],"wp:term":[{"taxonomy":"category","embeddable":true,"href":"https:\/\/desdeeltejado.com\/index.php\/wp-json\/wp\/v2\/categories?post=990"},{"taxonomy":"post_tag","embeddable":true,"href":"https:\/\/desdeeltejado.com\/index.php\/wp-json\/wp\/v2\/tags?post=990"}],"curies":[{"name":"wp","href":"https:\/\/api.w.org\/{rel}","templated":true}]}}