{"id":724,"date":"2022-03-12T19:46:48","date_gmt":"2022-03-12T23:46:48","guid":{"rendered":"http:\/\/desdeeltejado.com\/?p=724"},"modified":"2022-03-12T19:46:48","modified_gmt":"2022-03-12T23:46:48","slug":"cria-cuervos","status":"publish","type":"post","link":"https:\/\/desdeeltejado.com\/index.php\/2022\/03\/12\/cria-cuervos\/","title":{"rendered":"Cr\u00eda cuervos"},"content":{"rendered":"\n<p>En una popular canci\u00f3n de\nlos a\u00f1os 70, V\u00edctor Jara clamaba a Dios \u201cque la tortilla se vuelva\u201d para que\npudiera resplandecer la justicia en el mundo. La \u201ctortilla\u201d se ha vuelto una y\notra vez en Bolivia en los dos \u00faltimos a\u00f1os, pero no para rescatar los valores\nde equidad, &nbsp;igualdad, libertad y respeto en la aplicaci\u00f3n de las leyes,\nsino para mostrarnos el lado m\u00e1s feo y perverso de la justicia, el que muestra\na la diosa Temis sin la balanza de la ecuanimidad, pero s\u00ed con la espada de la\nvenganza.<\/p>\n\n\n\n<p>Los jueces y fiscales elegidos por los dos tercios\nmasistas no esperaron que el gobierno transitorio se consolidara en el poder\npara perseguir a sus antiguos mandantes. Tampoco aguardaron que la restauraci\u00f3n\nterminara de entronizarse en la casa de gobierno para liberar a los perseguidos\nde ayer y perseguir a los mandamases de la transici\u00f3n. Lo hicieron sin pudor\nalguno, para verg\u00fcenza ajena. Propia no la tuvieron.<\/p>\n\n\n\n<p>Las elecciones judiciales, exhibidas por el Movimiento Al\nSocialismo (MAS) como la panacea de ese mal end\u00e9mico que es la justicia, fueron\nun fracaso. La primera, celebrada el 16 de octubre de 2011, se sald\u00f3 con el\n57,67% de votos blancos y nulos, y la segunda, realizada el 3 de diciembre de\n2017, cosech\u00f3 un 65,86% de rechazo, sin contar la abstenci\u00f3n.<\/p>\n\n\n\n<p>Tal fue el fracaso del experimento que el propio Evo Morales\nadmiti\u00f3 dos a\u00f1os y cuatro meses despu\u00e9s de las primeras elecciones, el 12 de\nfebrero de 2014, que de nada sirvi\u00f3 \u201cincorporar poncho y pollera en la\njusticia\u201d, porque \u201cno cambia nada\u201d, la retardaci\u00f3n y la corrupci\u00f3n, como \u00e9l\nmismo dijo, segu\u00edan &nbsp;siendo \u201cel c\u00e1ncer\u201d. Quince meses despu\u00e9s, el 22 de\nmayo de 2015, su segundo, el matem\u00e1tico, se permiti\u00f3 ironizar: \u201cUn tribunal de\njusticia huele a azufre\u201d.<\/p>\n\n\n\n<p>Lo cierto es que el MAS no buscaba una soluci\u00f3n para el\nproblema, sino la consolidaci\u00f3n de su hegemon\u00eda pol\u00edtica. Logrado el control\ndel Ejecutivo, el Legislativo y el Poder Electoral, necesitaba capturar el\nJudicial. Sacrificada la meritocracia en aras del \u201ccuoteo\u201d de las\norganizaciones sociales, la \u201crevoluci\u00f3n judicial\u201d qued\u00f3 en nada.<\/p>\n\n\n\n<p>En lo \u00fanico que demostr\u00f3 efectividad fue en la\npersecuci\u00f3n de disidentes, tanto que los sigui\u00f3 persiguiendo despu\u00e9s del cambio\nde gobierno. \u201cCr\u00eda cuervos a tu antojo, pa\u2019 que te saquen los ojos\u201d, cantaba\nRoc\u00edo Jurado en la tonadilla de t\u00edtulo hom\u00f3nimo. \u00a1La judicializaci\u00f3n de la pol\u00edtica\nen su apogeo! <\/p>\n\n\n\n<p>Tras el fracaso de las elecciones judiciales y el\nreconocimiento de que la justicia no era justa ni barata ni mucho menos r\u00e1pida,\nel gobierno del MAS convoc\u00f3 a una cumbre en Sucre. \u00bfAlguien recuerda cu\u00e1les\nfueron las conclusiones de ese evento? Transcurri\u00f3 sin pena ni gloria. El\ngobierno ignor\u00f3 las propuestas de los expertos y convoc\u00f3 a la gente de siempre,\na los representantes de las organizaciones sociales, desconocedores de la\nmateria.&nbsp;<\/p>\n\n\n\n<p>Hoy sabemos que Bolivia se encuentra entre los 10 pa\u00edses con\npeor justicia del mundo, en el puesto 121 entre 128 pa\u00edses, de acuerdo con el\nranking elaborado por la organizaci\u00f3n internacional Proyecto de Justicia\nMundial (WJP), que publica anualmente un \u00cdndice sobre el Estado de Derecho.<\/p>\n\n\n\n<p>Es el pen\u00faltimo de Am\u00e9rica Latina y el Caribe, s\u00f3lo superando\na Venezuela, que ocupa el \u00faltimo puesto. El \u00edndice toma en cuenta ocho\npar\u00e1metros en una puntuaci\u00f3n que va del 0 al 1: restricciones a los poderes del\ngobierno, ausencia de corrupci\u00f3n, transparencia, derechos fundamentales, orden\ny seguridad, cumplimiento normativo, justicia civil y justicia penal.<\/p>\n\n\n\n<p>El nuevo ministro de Justicia, Iv\u00e1n Lima, quien en sus\nprimeras actuaciones ha lanzado algunas se\u00f1ales esperanzadoras de renovaci\u00f3n,\nha anunciado una nueva reforma y ha convocado a algunos expertos para\ndise\u00f1arla. Su idea es, seg\u00fan ha anticipado, lograr una \u201cjusticia imparcial e\nindependiente\u201d mediante la introducci\u00f3n de la meritocracia como par\u00e1metro\nsupremo en la selecci\u00f3n de los operadores, objetivo en el que coincide la\noposici\u00f3n.<\/p>\n\n\n\n<p>No hay democracia sin justicia independiente. Por eso no\nla hubo en el pasado. Una de las funciones de la justicia es precisamente\ncontrolar el uso del poder. El ciudadano precisa de una instancia ante la cual\nacudir si es v\u00edctima de una ilegalidad o de un abuso de poder. Sin esa\njusticia, \u00bfse puede hablar de democracia?<\/p>\n\n\n\n<p>Todo cambio pol\u00edtico trae aparejado el anuncio de una\nreformas judicial \u201cdefinitiva\u201d, pero las hemerotecas demuestran que todas\nmurieron en el intento y pasaron a ese barril sin fondo de las promesas\nincumplidas. Si de por s\u00ed cuesta creer en algo que no vemos, resulta tanto o\nm\u00e1s dif\u00edcil aceptar una tierra prometida cuando las evidencias marcan la ruta\ncontraria, porque &nbsp;lo que hemos visto hasta ahora en materia de designaciones\ngubernamentales, no es precisamente una reivindicaci\u00f3n del m\u00e9rito.&nbsp;<\/p>\n\n\n\n<p>\u00bfQu\u00e9 destino final tendr\u00e1 la promesa estrella del se\u00f1or Lima? Veremos si no pasa al olvido y no tengamos que entonar el \u00a0<em>Porque te vas<\/em>, la canci\u00f3n de Jos\u00e9 Luis Perales popularizada por Carlos Saura en su pel\u00edcula <em>Cr\u00eda cuervos<\/em>: \u201cTodas las promesas de mi amor se ir\u00e1n contigo\/ Me olvidar\u00e1s\/ Me olvidar\u00e1s\u201d. Tiempo al tiempo.<\/p>\n\n\n\n<p><strong>P\u00e1gina Siete \u2013 3 de diciembre de 2020<\/strong><\/p>\n","protected":false},"excerpt":{"rendered":"<p>En una popular canci\u00f3n de los a\u00f1os 70, V\u00edctor Jara clamaba a Dios \u201cque la tortilla se vuelva\u201d para que pudiera resplandecer la justicia en el mundo. La \u201ctortilla\u201d se ha vuelto una y otra vez en Bolivia en los dos \u00faltimos a\u00f1os, pero no para rescatar los valores de equidad, &nbsp;igualdad, libertad y respeto &hellip; <a href=\"https:\/\/desdeeltejado.com\/index.php\/2022\/03\/12\/cria-cuervos\/\" class=\"more-link\">Continuar leyendo <span class=\"screen-reader-text\">Cr\u00eda cuervos<\/span><\/a><\/p>\n","protected":false},"author":3,"featured_media":0,"comment_status":"open","ping_status":"open","sticky":false,"template":"","format":"standard","meta":{"_jetpack_memberships_contains_paid_content":false,"footnotes":""},"categories":[2],"tags":[],"class_list":["post-724","post","type-post","status-publish","format-standard","hentry","category-columnas"],"jetpack_featured_media_url":"","jetpack_sharing_enabled":true,"_links":{"self":[{"href":"https:\/\/desdeeltejado.com\/index.php\/wp-json\/wp\/v2\/posts\/724","targetHints":{"allow":["GET"]}}],"collection":[{"href":"https:\/\/desdeeltejado.com\/index.php\/wp-json\/wp\/v2\/posts"}],"about":[{"href":"https:\/\/desdeeltejado.com\/index.php\/wp-json\/wp\/v2\/types\/post"}],"author":[{"embeddable":true,"href":"https:\/\/desdeeltejado.com\/index.php\/wp-json\/wp\/v2\/users\/3"}],"replies":[{"embeddable":true,"href":"https:\/\/desdeeltejado.com\/index.php\/wp-json\/wp\/v2\/comments?post=724"}],"version-history":[{"count":1,"href":"https:\/\/desdeeltejado.com\/index.php\/wp-json\/wp\/v2\/posts\/724\/revisions"}],"predecessor-version":[{"id":725,"href":"https:\/\/desdeeltejado.com\/index.php\/wp-json\/wp\/v2\/posts\/724\/revisions\/725"}],"wp:attachment":[{"href":"https:\/\/desdeeltejado.com\/index.php\/wp-json\/wp\/v2\/media?parent=724"}],"wp:term":[{"taxonomy":"category","embeddable":true,"href":"https:\/\/desdeeltejado.com\/index.php\/wp-json\/wp\/v2\/categories?post=724"},{"taxonomy":"post_tag","embeddable":true,"href":"https:\/\/desdeeltejado.com\/index.php\/wp-json\/wp\/v2\/tags?post=724"}],"curies":[{"name":"wp","href":"https:\/\/api.w.org\/{rel}","templated":true}]}}