{"id":715,"date":"2022-03-12T19:41:32","date_gmt":"2022-03-12T23:41:32","guid":{"rendered":"http:\/\/desdeeltejado.com\/?p=715"},"modified":"2022-03-12T19:41:32","modified_gmt":"2022-03-12T23:41:32","slug":"el-periodismo-de-compromiso-de-anamar","status":"publish","type":"post","link":"https:\/\/desdeeltejado.com\/index.php\/2022\/03\/12\/el-periodismo-de-compromiso-de-anamar\/","title":{"rendered":"El periodismo de compromiso de Anamar"},"content":{"rendered":"\n<p><em>Norah<\/em>, una de\nlas protagonistas de <em>Cables Cruzados<\/em>,\nla \u00fanica novela de Ana Mar\u00eda Romero, dec\u00eda que ninguna de las noticias que\nprocesaba como periodista era neutra. Daban cuenta de muertos y heridos, como\nocurr\u00eda en los tiempos de las \u201cdictaduras criminales y guerrillas militantes\u201d\nque le toc\u00f3 cubrir, pero no hablaban de las pol\u00edticas que provocaban las \u201cguerras\nfr\u00edas y calientes\u201d de la \u00e9poca. Le gustaba informar sobre esos \u201cretazos de la\nhistoria\u201d pero al mismo tiempo se rebelaba contra la neutralidad del periodista\nante las injusticias y desigualdades que subyacen en el fondo de tales hechos.\n&nbsp;<\/p>\n\n\n\n<p>Ana Mar\u00eda ve en <em>Norah<\/em>\na la periodista comprometida, la reportera que se resiste a cumplir el papel de\nsimple taqu\u00edgrafa de los hechos. \u201cCuando le tocaba procesar ese tipo de\ninformaci\u00f3n ten\u00eda la sensaci\u00f3n de estar participando en un rito de sangre\u201d,\ndice de su personaje, cuyo pensamiento cuadra muy bien con las ideas que\nsustentaba la autora acerca del periodismo.<\/p>\n\n\n\n<p>Es el mismo compromiso que la llevar\u00eda a\u00f1os despu\u00e9s a\nincursionar en la pol\u00edtica, siguiendo su propia vocaci\u00f3n y la de su padre, el\npol\u00edtico e intelectual Gonzalo Romero, en el entendido de que no basta detectar\ny rese\u00f1ar las causas de los problemas que afectan a la sociedad, sino trabajar\nen la soluci\u00f3n de los mismos.<\/p>\n\n\n\n<p>Lleg\u00f3 a la Agencia de Noticias Fides (ANF) a fines de la\nd\u00e9cada de los 60 para sustituir a Jos\u00e9 Luis Alc\u00e1zar, quien se acababa de\nincorporar a la redacci\u00f3n del diario cat\u00f3lico <em>Presencia<\/em>. &nbsp;Exalumna de los colegios Sagrados Corazones de La\nPaz e Irland\u00e9s de Cochabamba, empezaba sus estudios de Filosof\u00eda y Letras y\nten\u00eda muy poca experiencia period\u00edstica. Hab\u00eda trabajado como corresponsal de\nun peri\u00f3dico de Santa Cruz y como redactora de una de las revistas semanales de\n<em>El Diario<\/em>.<\/p>\n\n\n\n<p>\u201cA ver c\u00f3mo nos va con Ana Mar\u00eda. Tengo muy buenas\nreferencias de ella\u201d, me dijo el padre Jos\u00e9 Gramunt, director de la agencia, al\nanunciarme su contrataci\u00f3n. \u201cEl padre Gramunt fue mi primer maestro\u201d, sol\u00eda\ndecir, como muchos de los periodistas que nos formamos en Fides. En realidad,\nlleg\u00f3 recomendada por su padre, muy amigo de Gramunt, quien le hab\u00eda dicho que\nAna Mar\u00eda se empe\u00f1aba en ser periodista y \u00e9l cre\u00eda que no hab\u00eda mejor escuela\nque Fides para aprender el oficio.<\/p>\n\n\n\n<p>Efectivamente, los periodistas de esa \u00e9poca se formaban\nen las redacciones de medios de prestigio, como Fides y <em>Presencia<\/em>, porque no exist\u00eda la carrera universitaria de periodismo\nni de comunicaci\u00f3n social. La primera que abri\u00f3 sus puertas fue la de la\nUniversidad Cat\u00f3lica Boliviana con el nombre de Instituto Superior de Ciencias\ny T\u00e9cnicas de la Opini\u00f3n P\u00fablica, escuela a la que entramos con Ana Mar\u00eda junto\ncon una veintena de periodistas como sus primeros alumnos. El 23 de diciembre del\n2020 se cumple precisamente el cincuentenario de la colaci\u00f3n de grados de esa\nprimera promoci\u00f3n.<\/p>\n\n\n\n<p>Para Ana Mar\u00eda el periodismo, m\u00e1s que una pasi\u00f3n, era un\n\u201cvicio terrible\u201d, una \u201cverdadera adicci\u00f3n\u201d, de la que reci\u00e9n pudo librarse\ncuando incursion\u00f3 en la pol\u00edtica, otra adicci\u00f3n. Mientras &nbsp;ejerci\u00f3 el\noficio, mantuvo, como ella misma dec\u00eda, una \u201cactitud irreverente\u201d ante el poder\ny los poderosos.<\/p>\n\n\n\n<p>\u201cUna caracter\u00edstica del buen periodista, y siempre lo he\ndicho, es la irreverencia frente al poder. El rato que el periodista est\u00e9 con\nmiramientos, para m\u00ed, ya se ech\u00f3 a perder\u201d, declar\u00f3 a la Agencia Alemana de\nPrensa (DPA) en ocasi\u00f3n de la presentaci\u00f3n de su novela. \u201cLos buenos y grandes\nperiodistas siempre han sido personas que han mirado con recelo al poder, lo\ncual no quiere decir que por ese recelo se pueda torcer una noticia ni mucho\nmenos\u201d, agreg\u00f3.<\/p>\n\n\n\n<p>Tal vez, por eso mismo, respet\u00f3 el trabajo de sus colegas\ncuando le toc\u00f3 seguir el periodismo desde \u201cel otro lado de la barrera\u201d, desde\n\u201cla acera del enfrente\u201d, el poder, cuando asumi\u00f3 el Ministerio de Informaci\u00f3n\ndel gobierno provisional del presidente Walter Guevara Arze, primero, y como\nsenadora del Movimiento al Socialismo (MAS), despu\u00e9s.<\/p>\n\n\n\n<p>Antes coincid\u00ed con ella en la DPA, ella como corresponsal\nen La Paz, yo en M\u00e9xico. &nbsp;Era la \u00e9poca en que ella estaba concentrada en\nsu carrera period\u00edstica y lamentaba la precariedad de las condiciones en las\nque el periodismo realizaba su trabajo. \u201cAntes \u2013dec\u00eda\u2013 se hac\u00eda carrera en un\nmedio. Uno se pon\u00eda la camiseta y se pod\u00edan dar heroicas batallas por conseguir\nuna noticia\u201d.&nbsp;<\/p>\n\n\n\n<p>Pero, eso s\u00ed, nunca olvid\u00f3 la misi\u00f3n en la que cre\u00eda.\n\u201cHoy \u2013lamentar\u00eda\u2013, de repente te metes a hacer una investigaci\u00f3n o escribir una\nnoticia, pero como los medios se han vuelto tan neutros no entra esa noticia,\npor ser demasiado fuerte o porque sacude el sistema\u201d.<\/p>\n\n\n\n<p>En la agencia Fides nos toc\u00f3 cubrir momentos dif\u00edciles,\nlos a\u00f1os de las rebeld\u00edas armadas y las amenazas golpistas, los tiempos de las\ncoberturas clandestinas. \u201cUna vez conseguimos el diario del Chato Peredo.\nHicimos el contacto en la plaza Uyuni con el Gato Salazar, yo iba &nbsp;20\nmetros de atr\u00e1s. La cita era clandestina\u201d, relat\u00f3 en una entrevista con Julieta\nVidza Tovar Ibieta.<\/p>\n\n\n\n<p>Al &nbsp;mediod\u00eda del 17 de julio del 1980 me llam\u00f3 a la\nciudad de M\u00e9xico. \u201c\u00a1Han asesinado a Marcelo!\u201d, me dijo, antes de lanzar la\nnoticia, paralizada por el miedo y sin poder ahogar el llanto. \u201c\u00bfTienes\nfuentes?\u201d, le pregunt\u00e9. \u201cS\u00ed \u2013me dijo\u2013, algunos testigos\u201d. La oficina de la DPA\nestaba al lado de la sede de la Central Obrera Boliviana (COB), donde\nsesionaban los l\u00edderes de la resistencia, y ella misma hab\u00eda sido testigo del\nsangriento asalto de los paramilitares.<\/p>\n\n\n\n<p>Fue as\u00ed que Ana Mar\u00eda dio la primicia mundial del\nasesinato de Marcelo Quiroga Santa Cruz, cuando nadie se atrev\u00eda a dar la\ninformaci\u00f3n por temor a la represi\u00f3n. De hecho, la noticia se conoci\u00f3 en\nBolivia d\u00edas despu\u00e9s.<\/p>\n\n\n\n<p>Ana Mar\u00eda describe a <em>Norah<\/em>, personajes de su novela <em>Cables Cruzados<\/em>, como una mujer de unos 40 a\u00f1os, \u201cuna persona serena y con mucho control pero un tanto t\u00edmida\u201d, \u201cpeinado corto, convencional\u201d, \u201cbarbilla y frente cuadradas y unos ojos medianamente achinados\u201d, en una descripci\u00f3n que cuadra con su propia imagen.\u00a0Pero, tal vez, se \u00a0pinta mejor a s\u00ed misma cuando se refiere a ella como la periodista empecinada a ver las noticias m\u00e1s all\u00e1 de las apariencias y en ahondar en las causas de las tragedias que afectan al hombre y a la comunidad en la que se desenvuelven.<\/p>\n\n\n\n<p><strong>P\u00e1gina Siete \u2013 25 de octubre de 2020<\/strong><\/p>\n","protected":false},"excerpt":{"rendered":"<p>Norah, una de las protagonistas de Cables Cruzados, la \u00fanica novela de Ana Mar\u00eda Romero, dec\u00eda que ninguna de las noticias que procesaba como periodista era neutra. Daban cuenta de muertos y heridos, como ocurr\u00eda en los tiempos de las \u201cdictaduras criminales y guerrillas militantes\u201d que le toc\u00f3 cubrir, pero no hablaban de las pol\u00edticas &hellip; <a href=\"https:\/\/desdeeltejado.com\/index.php\/2022\/03\/12\/el-periodismo-de-compromiso-de-anamar\/\" class=\"more-link\">Continuar leyendo <span class=\"screen-reader-text\">El periodismo de compromiso de Anamar<\/span><\/a><\/p>\n","protected":false},"author":3,"featured_media":0,"comment_status":"open","ping_status":"open","sticky":false,"template":"","format":"standard","meta":{"_jetpack_memberships_contains_paid_content":false,"footnotes":""},"categories":[7],"tags":[],"class_list":["post-715","post","type-post","status-publish","format-standard","hentry","category-semblanzas"],"jetpack_featured_media_url":"","jetpack_sharing_enabled":true,"_links":{"self":[{"href":"https:\/\/desdeeltejado.com\/index.php\/wp-json\/wp\/v2\/posts\/715","targetHints":{"allow":["GET"]}}],"collection":[{"href":"https:\/\/desdeeltejado.com\/index.php\/wp-json\/wp\/v2\/posts"}],"about":[{"href":"https:\/\/desdeeltejado.com\/index.php\/wp-json\/wp\/v2\/types\/post"}],"author":[{"embeddable":true,"href":"https:\/\/desdeeltejado.com\/index.php\/wp-json\/wp\/v2\/users\/3"}],"replies":[{"embeddable":true,"href":"https:\/\/desdeeltejado.com\/index.php\/wp-json\/wp\/v2\/comments?post=715"}],"version-history":[{"count":1,"href":"https:\/\/desdeeltejado.com\/index.php\/wp-json\/wp\/v2\/posts\/715\/revisions"}],"predecessor-version":[{"id":716,"href":"https:\/\/desdeeltejado.com\/index.php\/wp-json\/wp\/v2\/posts\/715\/revisions\/716"}],"wp:attachment":[{"href":"https:\/\/desdeeltejado.com\/index.php\/wp-json\/wp\/v2\/media?parent=715"}],"wp:term":[{"taxonomy":"category","embeddable":true,"href":"https:\/\/desdeeltejado.com\/index.php\/wp-json\/wp\/v2\/categories?post=715"},{"taxonomy":"post_tag","embeddable":true,"href":"https:\/\/desdeeltejado.com\/index.php\/wp-json\/wp\/v2\/tags?post=715"}],"curies":[{"name":"wp","href":"https:\/\/api.w.org\/{rel}","templated":true}]}}