{"id":691,"date":"2022-03-12T19:25:03","date_gmt":"2022-03-12T23:25:03","guid":{"rendered":"http:\/\/desdeeltejado.com\/?p=691"},"modified":"2022-03-12T19:25:03","modified_gmt":"2022-03-12T23:25:03","slug":"marcelo","status":"publish","type":"post","link":"https:\/\/desdeeltejado.com\/index.php\/2022\/03\/12\/marcelo\/","title":{"rendered":"Marcelo"},"content":{"rendered":"\n<p>Adela Cortina define la\n\u00e9tica como \u201cla b\u00fasqueda del bienestar humano a trav\u00e9s del deber ser &nbsp;para\nlograr la felicidad de la humanidad\u201d, y sostiene que \u201cel espacio de realizaci\u00f3n\nde la \u00e9tica es la pol\u00edtica\u201d. Marcelo Quiroga Santa Cruz no lleg\u00f3 a conocer la\nobra de la fil\u00f3sofa espa\u00f1ola, puesto que \u00e9sta no hab\u00eda publicado todav\u00eda <em>La moral del camale\u00f3n: \u00e9tica pol\u00edtica para\nnuestro fin de siglo<\/em> (1991) y <em>\u00c9tica\naplicada y democracia radical<\/em> (1993), pero nadie como el l\u00edder socialista\nhizo de la pol\u00edtica el \u201cespacio de realizaci\u00f3n de la \u00e9tica\u201d como postulaba la\npensadora valenciana.<\/p>\n\n\n\n<p>Marcelo fue asesinado el 17 de julio de 1980 por los\nparamilitares y militares de Garc\u00eda Meza y Arce G\u00f3mez. Sus restos permanecen\nsecuestrados. Las Fuerzas Armadas, que como instituci\u00f3n tienen una inocultable\nresponsabilidad en el golpe, mantienen desde entonces un silencio c\u00f3mplice,\nresponsabilidad que alcanza al presidente huido, quien, como &nbsp;Capit\u00e1n\nGeneral, no hizo nada durante 14 a\u00f1os \u2013excepto utilizar indebidamente su nombre\u2013\npara devolverlos a la familia.<\/p>\n\n\n\n<p>Si Marcelo practic\u00f3 la \u201c\u00e9tica de los ciudadanos\u201d, la\n\u201d\u00e9tica c\u00edvica\u201d, en el sentido de que \u201cno se puede construir un pa\u00eds &nbsp;si no\nhay unos elementos \u00e9ticos que todos compartan\u201d \u2013como sostiene Cortina\u2013, el\nl\u00edder socialista supo tambi\u00e9n interpretar las reivindicaciones de los\nmarginados a partir de la convicci\u00f3n \u2013para citar nuevamente a la fil\u00f3sofa\nespa\u00f1ola\u2013 de que \u201cel pobre no puede aspirar a ser feliz\u00bb, mientras lo sea,\ny de que la pobreza &nbsp;\u201cno es s\u00f3lo falta de recursos, es falta de libertad\npara llevar a cabo los planes de vida\u201d.<\/p>\n\n\n\n<p>Evoco &nbsp;a la autora de <em>Aporofobia: el rechazo al pobre<\/em>, la m\u00e1s popular de sus obras, para\nexplicar la vigencia del legado de Marcelo a 40 a\u00f1os de su asesinato, presencia\nque parece acrecentarse en momentos de crisis, como los que hemos vivido en el\npasado reciente y los que estamos viviendo actualmente, tal vez por aquello que\nel mismo Marcelo dec\u00eda a manera de advertencia: \u201cCuando en una naci\u00f3n nadie\nsabe se\u00f1alar el camino a seguir, cualquiera que se\u00f1ale un camino ser\u00e1 seguido,\nciegamente, aunque sea al desastre\u201d.<\/p>\n\n\n\n<p>Nada defini\u00f3 mejor la conducta personal y pol\u00edtica del\nl\u00edder socialista que el t\u00edtulo de uno de sus documentos program\u00e1ticos m\u00e1s\nemblem\u00e1ticos: \u201cUna sola l\u00ednea\u201d. Es lo que hizo a lo largo de toda su vida,\nseguir la l\u00ednea que le trazaban sus principios morales, por encima de los\npol\u00edticos e ideol\u00f3gicos, porque, si estamos de acuerdo con \u00e9l, toda praxis\npol\u00edtica responde a la concepci\u00f3n \u00e9tica que la sustenta.<\/p>\n\n\n\n<p>Son esos valores los que lo llevaron a reflexionar sobre\nla dram\u00e1tica realidad boliviana y a buscar soluciones para enmendarla. \u201c\u00bfQu\u00e9 lo\nllev\u00f3 a la pol\u00edtica?\u201d, le pregunt\u00f3 un periodista en una entrevista reproducida\npor Hugo Rodas Morales en su magn\u00edfica biograf\u00eda (<em>Marcelo Quiroga Santa Cruz: El socialismo vivido<\/em>): \u201cNi mis escritos\nni mis lecturas\u201d, respondi\u00f3. \u201cFue la experiencia cotidiana en nuestro medio.\nCreo que no hay otro pa\u00eds como Bolivia, en Am\u00e9rica Latina, donde se observen\n&nbsp;contrastes tan lacerantes (\u2026). &nbsp;Es la vida misma la que me ha\nllevado a m\u00ed a la vocaci\u00f3n y la pr\u00e1ctica de la pol\u00edtica\u201d.<\/p>\n\n\n\n<p>La coherencia es una virtud escasa en el mercado\npol\u00edtico. Lo que s\u00ed abundan son los pretextos para justificar los cambios de\nrumbo, los golpes de viento que marcan los giros de las veletas. Marcelo dec\u00eda\nlo que pensaba y hac\u00eda lo que dec\u00eda. Criticaba a \u201clos complacientes,\noportunistas y claudicantes de ayer\u201d que se mostraban como \u201clos intransigentes\ndel d\u00eda siguiente\u201d y a los que utilizaban un lenguaje reservado y otro p\u00fablico.\nY ped\u00eda que \u201cno se contradiga en el balc\u00f3n de discursos lo que se compromet\u00eda\nen el pasillo de la negociaci\u00f3n\u201d. En otro documento emblem\u00e1tico (<em>Lo que no debemos callar<\/em>), dec\u00eda que \u201cla\ntarea del pol\u00edtico no es la del creador; nada debe inventar\u201d, sino \u201cexpresar lo\nque yace inexpreso en el fondo del esp\u00edritu colectivo; objetivizar una latencia\u201d.&nbsp;<\/p>\n\n\n\n<p>Marcelo sol\u00eda repetir ese viejo proverbio \u00e1rabe que dice\nque \u201cel hombre se parece m\u00e1s a su \u00e9poca que a su padre\u201d. Marcelo vivi\u00f3 su\ntiempo e intent\u00f3 dar respuesta a los problemas y desaf\u00edos de la Bolivia del\nsiglo XX. &nbsp;Cre\u00eda en una \u201crevoluci\u00f3n integral\u201d, que defin\u00eda como \u201cun \u00e1nimo\ncolectivo de renovaci\u00f3n\u201d, que involucrara a ciudadanos, partidos pol\u00edticos,\nsindicatos y empresas, y que solucionara la cuesti\u00f3n del pan y respetara la\nlibertad. Pero, ante todo, dec\u00eda que esa revoluci\u00f3n \u201cdebe ser moral\u201d.<\/p>\n\n\n\n<p>Un d\u00eda despu\u00e9s de la sentencia de muerte que pronunci\u00f3\nGarc\u00eda Meza, cuando lo amenaz\u00f3 p\u00fablicamente con \u201cponerlo en su lugar\u201d, Marcelo\nme dijo: \u201cSi los militares quieren matarme, lo har\u00e1n, haga lo que haga. Tendr\u00eda\nque ocultarme debajo de las piedras o irme del pa\u00eds, y eso no lo voy a hacer\n(\u2026) No puedo rehuir a mis responsabilidades ni renunciar a mis convicciones\u201d.\nNo lo hizo.<\/p>\n\n\n\n<p>Es el Marcelo que conoc\u00ed, el amigo y compa\u00f1ero, el hombre de una sola l\u00ednea, cuya coherencia pol\u00edtica y personal lo lev\u00f3 a la muerte. Nunca su presencia fue tan necesaria como hoy. Pero nos queda su palabra, como gu\u00eda y esperanza. Como dijo en una oportunidad: \u201cCada d\u00eda se yergue Bolivia por la primera vez. Por esto su marcha tiene toda la vacilaci\u00f3n de un tambaleante ambular infantil y esta misma raz\u00f3n explica el que sus siempre primeros pasos terminen en una lamentable ca\u00edda\u201d.<\/p>\n\n\n\n<p><strong>P\u00e1gina Siete \u2013 16 de julio de 2020<\/strong><\/p>\n","protected":false},"excerpt":{"rendered":"<p>Adela Cortina define la \u00e9tica como \u201cla b\u00fasqueda del bienestar humano a trav\u00e9s del deber ser &nbsp;para lograr la felicidad de la humanidad\u201d, y sostiene que \u201cel espacio de realizaci\u00f3n de la \u00e9tica es la pol\u00edtica\u201d. Marcelo Quiroga Santa Cruz no lleg\u00f3 a conocer la obra de la fil\u00f3sofa espa\u00f1ola, puesto que \u00e9sta no hab\u00eda &hellip; <a href=\"https:\/\/desdeeltejado.com\/index.php\/2022\/03\/12\/marcelo\/\" class=\"more-link\">Continuar leyendo <span class=\"screen-reader-text\">Marcelo<\/span><\/a><\/p>\n","protected":false},"author":3,"featured_media":0,"comment_status":"open","ping_status":"open","sticky":false,"template":"","format":"standard","meta":{"_jetpack_memberships_contains_paid_content":false,"footnotes":""},"categories":[2],"tags":[],"class_list":["post-691","post","type-post","status-publish","format-standard","hentry","category-columnas"],"jetpack_featured_media_url":"","jetpack_sharing_enabled":true,"_links":{"self":[{"href":"https:\/\/desdeeltejado.com\/index.php\/wp-json\/wp\/v2\/posts\/691","targetHints":{"allow":["GET"]}}],"collection":[{"href":"https:\/\/desdeeltejado.com\/index.php\/wp-json\/wp\/v2\/posts"}],"about":[{"href":"https:\/\/desdeeltejado.com\/index.php\/wp-json\/wp\/v2\/types\/post"}],"author":[{"embeddable":true,"href":"https:\/\/desdeeltejado.com\/index.php\/wp-json\/wp\/v2\/users\/3"}],"replies":[{"embeddable":true,"href":"https:\/\/desdeeltejado.com\/index.php\/wp-json\/wp\/v2\/comments?post=691"}],"version-history":[{"count":1,"href":"https:\/\/desdeeltejado.com\/index.php\/wp-json\/wp\/v2\/posts\/691\/revisions"}],"predecessor-version":[{"id":692,"href":"https:\/\/desdeeltejado.com\/index.php\/wp-json\/wp\/v2\/posts\/691\/revisions\/692"}],"wp:attachment":[{"href":"https:\/\/desdeeltejado.com\/index.php\/wp-json\/wp\/v2\/media?parent=691"}],"wp:term":[{"taxonomy":"category","embeddable":true,"href":"https:\/\/desdeeltejado.com\/index.php\/wp-json\/wp\/v2\/categories?post=691"},{"taxonomy":"post_tag","embeddable":true,"href":"https:\/\/desdeeltejado.com\/index.php\/wp-json\/wp\/v2\/tags?post=691"}],"curies":[{"name":"wp","href":"https:\/\/api.w.org\/{rel}","templated":true}]}}