{"id":688,"date":"2022-03-12T19:23:20","date_gmt":"2022-03-12T23:23:20","guid":{"rendered":"http:\/\/desdeeltejado.com\/?p=688"},"modified":"2022-03-12T19:23:20","modified_gmt":"2022-03-12T23:23:20","slug":"fe-de-erratas","status":"publish","type":"post","link":"https:\/\/desdeeltejado.com\/index.php\/2022\/03\/12\/fe-de-erratas\/","title":{"rendered":"Fe de erratas"},"content":{"rendered":"\n<p>Marcelo Quiroga Santa Cruz\nsol\u00eda decir que \u201cla realidad es la fe de erratas de la pol\u00edtica\u201d. Son los\nhechos, puros y duros, los que corrigen y enderezan las acciones de los\npol\u00edticos, m\u00e1s all\u00e1 de sus intenciones, porque es la realidad, con su terquedad\ncotidiana, la que finalmente hace que la pol\u00edtica sea \u201cel arte de lo posible\u201d,\nseg\u00fan una conocida definici\u00f3n.<\/p>\n\n\n\n<p>La pandemia del coronavirus es la realidad que est\u00e1\nmarcando la pol\u00edtica de los \u00faltimos meses, no s\u00f3lo en Bolivia, sino en todo el\nmundo. La \u201cnueva normalidad\u201d est\u00e1 obligando a los gobernantes a buscar\nsoluciones para males desconocidos en un recetario todav\u00eda inexistente, porque\nla crisis que est\u00e1 viviendo la humanidad ha hecho a\u00f1icos las recetas\ntradicionales. Se dice que es f\u00e1cil gobernar en tiempos de bonanza y que el\nverdadero l\u00edder muestra de qu\u00e9 mimbres est\u00e1 hecho cuando debe remar con el\nviento en contra. Pues bien, ahora es cuando. <\/p>\n\n\n\n<p>A diferencia de otros pa\u00edses, Bolivia est\u00e1 enfrentando\nuna doble crisis, la pol\u00edtica y la sanitaria, y est\u00e1 entrando a una tercera, la\necon\u00f3mica. A la dram\u00e1tica falta de infraestructuras y recursos para hacer\nfrente a la pandemia y a la tormenta econ\u00f3mica y social que se avecina, se ha\nsumado la ausencia de consensos pol\u00edticos m\u00ednimos, producto de la polarizaci\u00f3n\nque divide a la sociedad y que se expresa en una creciente presi\u00f3n de inadmisibles\nradicalismos.<\/p>\n\n\n\n<p>Est\u00e1 claro que ning\u00fan pa\u00eds estaba preparado para proteger\na su poblaci\u00f3n de la pandemia, pero el caso de Bolivia tiene como factor\nagravante el despilfarro de 14 a\u00f1os de bonanza. El escritor espa\u00f1ol Javier\nMar\u00edas dijo alguna vez que &nbsp;\u201cel &nbsp;cinismo &nbsp;es la expresi\u00f3n de\nla&nbsp;&nbsp;brutalidad&nbsp;&nbsp;en estado puro\u201d, la brutalidad entendida\ncomo la falta de raz\u00f3n. Cinismo y necedad, adem\u00e1s de una total ausencia de\nautocr\u00edtica, es lo que advertimos en las declaraciones de Evo Morales y su\nvicario en Bolivia cuando pretenden negar lo evidente, que nos dejaron una\nsanidad p\u00fablica en cueros.<\/p>\n\n\n\n<p>La crisis pol\u00edtica tiene manifestaciones altamente\npreocupantes, como el enfrentamiento entre los poderes Ejecutivo y Legislativo,\nla gesti\u00f3n partidaria de algunas instancias municipales opositoras y el\nactivismo claramente subversivo de ciertas organizaciones sociales afines al\npresidente huido.<\/p>\n\n\n\n<p>La participaci\u00f3n pol\u00edtica y la libertad de manifestaci\u00f3n\nson derechos consagrados por la Constituci\u00f3n, pero pierden su esencia y\njustificaci\u00f3n cuando atentan contra el bien p\u00fablico. \u00bfQu\u00e9 se puede decir de los\nbloqueos del tr\u00f3pico? \u00bfC\u00f3mo se puede entender el bloqueo legislativo masista a\nlos cr\u00e9ditos internacionales para combatir la pandemia? Son atentados a la\nsalud p\u00fablica.<\/p>\n\n\n\n<p>Una de las manifestaciones m\u00e1s graves de la crisis\npol\u00edtica se est\u00e1 dando en torno al Tribunal Supremo Electoral, la \u00fanica\ninstituci\u00f3n surgida del consenso pol\u00edtico, a prop\u00f3sito de la fecha elegida para\nlas elecciones generales. Es grave porque la campa\u00f1a pretende restar\ncredibilidad y legitimidad al \u00e1rbitro, presidido por un experto de reconocida\nsolvencia \u00e9tica y profesional, que debe garantizar la transici\u00f3n democr\u00e1tica\nmediante una elecci\u00f3n libre y transparente.<\/p>\n\n\n\n<p>Nadie podr\u00eda pronosticar el curso de la pandemia en los\ndos pr\u00f3ximos meses, pero seguramente la curva no habr\u00e1 moderado su actual\nascenso. No tengo ninguna duda de que la autoridad electoral tomar\u00e1 todos los\nrecaudos de bioseguridad para proteger la salud de funcionarios y electores,\npero un acto comicial en tales condiciones implica tambi\u00e9n riesgos pol\u00edticos\nimportantes, como el de la legitimidad, que podr\u00eda resultar afectada por una\nelevada abstenci\u00f3n, sobre todo en los centros urbanos. Como se est\u00e1 viendo en\notros pa\u00edses, el miedo al contagio est\u00e1 inhibiendo a los ciudadanos a acercarse\na las mesas de votaci\u00f3n. Y no es para menos.<\/p>\n\n\n\n<p>La explosi\u00f3n de la pandemia es la realidad -la fe de\nerratas- que determinar\u00e1 el futuro de las elecciones, m\u00e1s all\u00e1 del deseo de sus\nactores y protagonistas. Como ya lo hizo una vez al modificar la fecha\ninicialmente prevista para la cita en las urnas, seguramente el tribunal\nanalizar\u00e1 en su momento la nueva situaci\u00f3n, sopesando no s\u00f3lo el factor\nsanitario, sino tambi\u00e9n el pol\u00edtico, en ese dif\u00edcil equilibrio que le ha tocado\nadministrar. La mala noticia es la falta de consensos m\u00ednimos.&nbsp;<\/p>\n\n\n\n<p>En todo caso, no est\u00e1 dicha la \u00faltima palabra, ni en \u00e9ste\nni en otros temas, ni en la crisis que afecta al pa\u00eds ni en la que agobia al\npropio gobierno, cercado por dos poderes del Estado y enfrentado al tercero,\npresionado desde la calle y sin recursos para enfrentar la pandemia, tras haber\nrenunciado a su papel rector de la transici\u00f3n al tomar partido en la pugna\nelectoral.&nbsp;<\/p>\n\n\n\n<p>Me pregunto si la terca realidad, esa \u201cfe de erratas\u201d de la que hablaba Quiroga Santa Cruz, convencer\u00e1 a la se\u00f1ora Jeanine A\u00f1ez de que no es posible ser parte de la procesi\u00f3n y tocar las campanas al mismo tiempo.<\/p>\n\n\n\n<p><strong>P\u00e1gina Siete \u2013 2 de julio de 2020<\/strong><\/p>\n","protected":false},"excerpt":{"rendered":"<p>Marcelo Quiroga Santa Cruz sol\u00eda decir que \u201cla realidad es la fe de erratas de la pol\u00edtica\u201d. Son los hechos, puros y duros, los que corrigen y enderezan las acciones de los pol\u00edticos, m\u00e1s all\u00e1 de sus intenciones, porque es la realidad, con su terquedad cotidiana, la que finalmente hace que la pol\u00edtica sea \u201cel &hellip; <a href=\"https:\/\/desdeeltejado.com\/index.php\/2022\/03\/12\/fe-de-erratas\/\" class=\"more-link\">Continuar leyendo <span class=\"screen-reader-text\">Fe de erratas<\/span><\/a><\/p>\n","protected":false},"author":3,"featured_media":0,"comment_status":"open","ping_status":"open","sticky":false,"template":"","format":"standard","meta":{"_jetpack_memberships_contains_paid_content":false,"footnotes":""},"categories":[2],"tags":[],"class_list":["post-688","post","type-post","status-publish","format-standard","hentry","category-columnas"],"jetpack_featured_media_url":"","jetpack_sharing_enabled":true,"_links":{"self":[{"href":"https:\/\/desdeeltejado.com\/index.php\/wp-json\/wp\/v2\/posts\/688","targetHints":{"allow":["GET"]}}],"collection":[{"href":"https:\/\/desdeeltejado.com\/index.php\/wp-json\/wp\/v2\/posts"}],"about":[{"href":"https:\/\/desdeeltejado.com\/index.php\/wp-json\/wp\/v2\/types\/post"}],"author":[{"embeddable":true,"href":"https:\/\/desdeeltejado.com\/index.php\/wp-json\/wp\/v2\/users\/3"}],"replies":[{"embeddable":true,"href":"https:\/\/desdeeltejado.com\/index.php\/wp-json\/wp\/v2\/comments?post=688"}],"version-history":[{"count":1,"href":"https:\/\/desdeeltejado.com\/index.php\/wp-json\/wp\/v2\/posts\/688\/revisions"}],"predecessor-version":[{"id":689,"href":"https:\/\/desdeeltejado.com\/index.php\/wp-json\/wp\/v2\/posts\/688\/revisions\/689"}],"wp:attachment":[{"href":"https:\/\/desdeeltejado.com\/index.php\/wp-json\/wp\/v2\/media?parent=688"}],"wp:term":[{"taxonomy":"category","embeddable":true,"href":"https:\/\/desdeeltejado.com\/index.php\/wp-json\/wp\/v2\/categories?post=688"},{"taxonomy":"post_tag","embeddable":true,"href":"https:\/\/desdeeltejado.com\/index.php\/wp-json\/wp\/v2\/tags?post=688"}],"curies":[{"name":"wp","href":"https:\/\/api.w.org\/{rel}","templated":true}]}}