{"id":684,"date":"2022-03-12T19:19:59","date_gmt":"2022-03-12T23:19:59","guid":{"rendered":"http:\/\/desdeeltejado.com\/?p=684"},"modified":"2022-03-12T19:19:59","modified_gmt":"2022-03-12T23:19:59","slug":"la-globalizacion-de-la-mentira","status":"publish","type":"post","link":"https:\/\/desdeeltejado.com\/index.php\/2022\/03\/12\/la-globalizacion-de-la-mentira\/","title":{"rendered":"La globalizaci\u00f3n de la mentira"},"content":{"rendered":"\n<p>Las desgracias, como reza\nel dicho popular, nunca llegan solas. La pandemia del coronavirus, que ha\nparalizado al mundo, ha dado paso a otro mal, cuyo virus se esparce con la\nmisma velocidad, si no mayor, que la misma pandemia, un mal que la Organizaci\u00f3n\nMundial de la Salud bautiz\u00f3 inicialmente como \u201cinfodemia\u201d y defini\u00f3 como\n&nbsp;la sobreabundancia de informaci\u00f3n, rigurosa o falsa, sobre el Covid-19.<\/p>\n\n\n\n<p>Meses despu\u00e9s precis\u00f3 el t\u00e9rmino y habl\u00f3 de\n\u201cdesinfomedia\u201d para diferenciar las noticias falsas o malintencionadas sobre la\npandemia de la simple sobrecarga de informaci\u00f3n sobre el tema, la \u201cinfomedia\u201d.\nEn otras palabras, la \u201cdesinfomedia\u201d es el contagio viral de las \u201cfake news\u201d\nrelacionadas con la crisis sanitaria.&nbsp;<\/p>\n\n\n\n<p>La pandemia y la \u201cdesinfodemia\u201d se han unido en una\ntormenta perfecta en el marco de la excepcionalidad que ha impuesto el\ncoronavirus, a ra\u00edz de los estragos que est\u00e1 causando en la salud y la econom\u00eda\nde la humanidad. Lo peor de todo es que todav\u00eda no hay una vacuna, ni para el\nCovid-19 ni para las \u201cfake news\u201d.<\/p>\n\n\n\n<p>Los medios de comunicaci\u00f3n hacen grandes esfuerzos para\nneutralizar la proliferaci\u00f3n de los mensajes falsos, viralizados en las redes\nsociales, con informaci\u00f3n ver\u00eddica e investigaci\u00f3n exhaustiva, en una carrera\ndram\u00e1tica, marcada por el aumento vertiginoso &nbsp;de los contagios y las\nv\u00edctimas del contagio. &nbsp;<\/p>\n\n\n\n<p>Seg\u00fan un estudio reciente, uno de cada cinco casos de\nmanipulaci\u00f3n rastreados desde 2015 en Europa &nbsp;guarda relaci\u00f3n con el\nCovid-19. El &nbsp;Instituto Reuters de Oxford&nbsp;&nbsp;observ\u00f3 a su vez que\nel 88% de las afirmaciones falsas o enga\u00f1osas sobre el coronavirus fueron\npropagadas por las redes sociales y s\u00f3lo el 9% por la televisi\u00f3n y otros medios\nde comunicaci\u00f3n convencionales.<\/p>\n\n\n\n<p>Se sabe que las informaciones falsas se difunden m\u00e1s\nr\u00e1pido y m\u00e1s ampliamente que las verdaderas. Y se sabe tambi\u00e9n que este\nfen\u00f3meno crece significativamente en momentos de crisis. Hemos visto, por\nejemplo, c\u00f3mo proliferan e influyen en los procesos electorales, al punto de\ncambiar la balanza a favor de una u otra opci\u00f3n.<\/p>\n\n\n\n<p>Este fen\u00f3meno encuentra un campo abonado en el miedo y la\nignorancia de las sociedades. Cuanto m\u00e1s desconocido es el problema que\nenfrentamos, cuanto menos sabemos de \u00e9l, es mayor el temor que nos infunde. Es\nel caso de la pandemia. Las \u201cfake news\u201d se expanden como un virus,\n&nbsp;impulsadas por el p\u00e1nico y porque la ciencia no tiene las respuestas que\nbusca la gente para conjurarlo.&nbsp;<\/p>\n\n\n\n<p>Desde la aparici\u00f3n del brote en Wuhan, en China, hemos\nsido testigos de oleadas de \u201cfake news\u201d; desde las falsas teor\u00edas sobre el\norigen del virus, hasta la infinidad de falsas recetas para la cura y el\ntratamiento del mal, sin olvidar las t\u00edpicas teor\u00edas de la conspiraci\u00f3n que\nsuelen acompa\u00f1ar a este tipo de sucesos y que terminan por imponerse &nbsp;en\nla creencia popular. &nbsp;Y no siempre son inofensivas, pese a que son desmentidas\nm\u00e1s temprano que tarde por la realidad, sino que son peligrosas por sus\nconsecuencias inmediatas, porque muchos de los productos ofrecidos como\nremedios milagrosos para prevenir o curar la enfermedad suelen ser da\u00f1inos para\nla salud.<\/p>\n\n\n\n<p>Pero no es \u00fanicamente el p\u00e1nico, una caracter\u00edstica muy\nhumana, ni la ausencia de respuestas de la ciencia, lo que alimenta este\nfen\u00f3meno. Hay tambi\u00e9n, como se ha detectado, un factor pol\u00edtico. La utilizaci\u00f3n\ndel miedo como arma de confrontaci\u00f3n partidista. Los populismos de toda laya\nhan visto en la pandemia la oportunidad para imponer sus propias agendas, en\nuna actitud que linda con lo criminal porque atenta contra la salud p\u00fablica.<\/p>\n\n\n\n<p>\u00bfNo lo hemos visto con Donald Trump y Jair Bolsonaro? \u00bfY\nno lo estamos viendo en Bolivia? Evo Morales no s\u00f3lo ha alentado las teor\u00edas de\nla conspiraci\u00f3n m\u00e1s descabelladas, como sostener que la pandemia es resultado\nde la \u201cplanificaci\u00f3n\u201d por parte de Estados Unidos y las multinacionales para\nimponer \u201cla reducci\u00f3n de la poblaci\u00f3n innecesaria, los abuelos\u201d, sino que ha\nbuscado fomentar la alarma y la desobediencia social al afirmar sin prueba\nalguna que \u201cse ve como si estuvieran sembrando coronavirus en el tr\u00f3pico\u201d.<\/p>\n\n\n\n<p>Tampoco ha hecho nada, ni \u00e9l &nbsp;ni su vicario en\nBolivia, para desmentir la desinformaci\u00f3n que circula entre las bases de su\npartido, propaladas por sus radios afines, como la que ha provocado las\nagresiones al personal m\u00e9dico o m\u00e1s recientemente la quema de tres antenas de\ntelecomunicaciones.<\/p>\n\n\n\n<p>De las recetas milagrosas hemos pasado a las campa\u00f1as\npol\u00edticas. La \u201cdesinfodemia\u201d est\u00e1 atacando a las democracias con una virulencia\nalarmante. Y, lamentablemente, como alguien ha dicho, ser\u00e1 m\u00e1s f\u00e1cil que se\naplane la curva de la pandemia que la de las \u201cfake news\u201d.&nbsp;<\/p>\n\n\n\n<p>\u00a0La periodista brasile\u00f1a Cristina Tard\u00e1guila, directora de la \u00a0Red Internacional de Verificaci\u00f3n de Datos, afirm\u00f3 que \u201cestamos ante una globalizaci\u00f3n de la mentira\u201d, porque \u201clas fake news no tienen bandera. Ni idioma. Ni siquiera ideolog\u00eda definida\u201d. Es cierto, pero en el caso de Bolivia, s\u00ed tienen color pol\u00edtico definido. Y lo sabemos.<\/p>\n\n\n\n<p><strong>P\u00e1gina Siete \u2013 18 de junio de 2020<\/strong><\/p>\n","protected":false},"excerpt":{"rendered":"<p>Las desgracias, como reza el dicho popular, nunca llegan solas. La pandemia del coronavirus, que ha paralizado al mundo, ha dado paso a otro mal, cuyo virus se esparce con la misma velocidad, si no mayor, que la misma pandemia, un mal que la Organizaci\u00f3n Mundial de la Salud bautiz\u00f3 inicialmente como \u201cinfodemia\u201d y defini\u00f3 &hellip; <a href=\"https:\/\/desdeeltejado.com\/index.php\/2022\/03\/12\/la-globalizacion-de-la-mentira\/\" class=\"more-link\">Continuar leyendo <span class=\"screen-reader-text\">La globalizaci\u00f3n de la mentira<\/span><\/a><\/p>\n","protected":false},"author":3,"featured_media":0,"comment_status":"open","ping_status":"open","sticky":false,"template":"","format":"standard","meta":{"_jetpack_memberships_contains_paid_content":false,"footnotes":""},"categories":[2],"tags":[],"class_list":["post-684","post","type-post","status-publish","format-standard","hentry","category-columnas"],"jetpack_featured_media_url":"","jetpack_sharing_enabled":true,"_links":{"self":[{"href":"https:\/\/desdeeltejado.com\/index.php\/wp-json\/wp\/v2\/posts\/684","targetHints":{"allow":["GET"]}}],"collection":[{"href":"https:\/\/desdeeltejado.com\/index.php\/wp-json\/wp\/v2\/posts"}],"about":[{"href":"https:\/\/desdeeltejado.com\/index.php\/wp-json\/wp\/v2\/types\/post"}],"author":[{"embeddable":true,"href":"https:\/\/desdeeltejado.com\/index.php\/wp-json\/wp\/v2\/users\/3"}],"replies":[{"embeddable":true,"href":"https:\/\/desdeeltejado.com\/index.php\/wp-json\/wp\/v2\/comments?post=684"}],"version-history":[{"count":1,"href":"https:\/\/desdeeltejado.com\/index.php\/wp-json\/wp\/v2\/posts\/684\/revisions"}],"predecessor-version":[{"id":685,"href":"https:\/\/desdeeltejado.com\/index.php\/wp-json\/wp\/v2\/posts\/684\/revisions\/685"}],"wp:attachment":[{"href":"https:\/\/desdeeltejado.com\/index.php\/wp-json\/wp\/v2\/media?parent=684"}],"wp:term":[{"taxonomy":"category","embeddable":true,"href":"https:\/\/desdeeltejado.com\/index.php\/wp-json\/wp\/v2\/categories?post=684"},{"taxonomy":"post_tag","embeddable":true,"href":"https:\/\/desdeeltejado.com\/index.php\/wp-json\/wp\/v2\/tags?post=684"}],"curies":[{"name":"wp","href":"https:\/\/api.w.org\/{rel}","templated":true}]}}