{"id":682,"date":"2022-03-12T19:18:16","date_gmt":"2022-03-12T23:18:16","guid":{"rendered":"http:\/\/desdeeltejado.com\/?p=682"},"modified":"2022-03-12T19:18:16","modified_gmt":"2022-03-12T23:18:16","slug":"la-vieja-anormalidad","status":"publish","type":"post","link":"https:\/\/desdeeltejado.com\/index.php\/2022\/03\/12\/la-vieja-anormalidad\/","title":{"rendered":"La vieja anormalidad"},"content":{"rendered":"\n<p>La normalidad es un\nconcepto relativo. La Academia de la Lengua la define como la \u201ccualidad o\ncondici\u00f3n de normal\u201d, de lo \u201chabitual&nbsp;&nbsp;u&nbsp;&nbsp;ordinario\u201d, pero,\ncomo dijo <em>Morticia<\/em>, la hero\u00edna de la <em>Familia Addams<\/em>, muy citada estos d\u00edas,\n\u201cla normalidad es una ilusi\u00f3n\u201d, porque \u201clo que es normal para la ara\u00f1a, es un\ncaos para la mosca\u201d. Dicho de otro modo, si preferimos la opini\u00f3n de un\nacad\u00e9mico, la del director de la Fundaci\u00f3n del Espa\u00f1ol Urgente (Fund\u00e9u), Javier\nLascur\u00e1in, \u201clo que antes era an\u00f3malo, hoy es normal\u201d. O viceversa.<\/p>\n\n\n\n<p>Pasado el primer susto de la pandemia del coronavirus,\nm\u00e1s no el control del contagio, y ante el pavor que provoca la inminente crisis\necon\u00f3mica, los gobiernos de todo el mundo han empezado la \u201cdesescalada\u201d de los\nestados de alarma, traducidos en diversos grados de cuarentena, para acceder a\nlo que se ha dado en llamar la \u201cnueva normalidad\u201d, una expresi\u00f3n de moda que\nvendr\u00eda a significar -para citar nuevamente a Lascur\u00e1in- \u201cuna normalidad\ndiferente a la que conoc\u00edamos\u201d o \u201cuna situaci\u00f3n en la que lo habitual u\nordinario no ser\u00e1 lo mismo que en la situaci\u00f3n previa\u201d.<\/p>\n\n\n\n<p>La pandemia ha puesto al mundo de cabeza y no son pocos\nlos autores que hablan de una nueva era, de un antes y un despu\u00e9s, que dar\u00e1\npaso no s\u00f3lo a nuevos h\u00e1bitos de conducta, sino a cambios radicales en las\nagendas y paradigmas que han guiado nuestros pasos desde el siglo pasado.&nbsp;<\/p>\n\n\n\n<p>As\u00ed lo pronostican grandes pensadores, como el israel\u00ed Yuval\nNoah Harari y el surcoreano Byung-Chul Han. Otros, m\u00e1s amigos de la filosof\u00eda\npopular, recuerdan una vieja canci\u00f3n de Silvio Rodr\u00edguez, cuya letra refleja, a\nsu juicio, esa idea\/esperanza que ronda por el mundo: <em>\u201cLa era est\u00e1 pariendo un coraz\u00f3n,\/ no puede m\u00e1s, se muere de dolor\/ y\nhay que acudir corriendo\/ pues se cae el porvenir\u201d<\/em>.<\/p>\n\n\n\n<p>Pero, como ocurre con la misma pandemia, los s\u00edntomas de\nesa \u201cnueva normalidad\u201d que asoma en el horizonte, como sacada con f\u00f3rceps,\n&nbsp;no presagian los cambios anhelados, sino el retorno a la \u201cvieja\nanormalidad\u201d que &nbsp;nos ha conducido a vivir la tragedia que estamos\nviviendo. &nbsp;Parecer\u00eda, como dijo Gramsci, que \u201clo nuevo no acaba de nacer y\nlo viejo no termina de morir\u201d.<\/p>\n\n\n\n<p>Record\u00e9 la frase a prop\u00f3sito de esas dos poderosas im\u00e1genes\nque nos han llegado estos d\u00edas a trav\u00e9s de los medios de comunicaci\u00f3n: el\nlanzamiento de la primera misi\u00f3n tripulada privada desde Cabo Ca\u00f1averal a la\nEstaci\u00f3n Espacial Internacional, como punto de partida de una nueva era\nespacial, y el asesinato del afroamericano George Floyd a manos de un polic\u00eda\nblanco en Minneapolis, con su secuela de violencia, que demuestra que el\nracismo es una de las pandemias que la modernidad y el progreso no han logrado\nerradicar.<\/p>\n\n\n\n<p>Fue el propio Donald Trump quien nos mostr\u00f3 las dos caras\nde la misma medalla, de lo nuevo que esperamos y lo viejo que arrastramos.\n\u201cPuede que aqu\u00ed haya una oportunidad para Am\u00e9rica de hacer quiz\u00e1s una pausa, y\nmirar arriba y ver un brillante, resplandeciente momento de esperanza sobre\nc\u00f3mo se ve el futuro, y que Estados Unidos puede hacer cosas extraordinarias\nincluso en tiempos dif\u00edciles\u201d, dijo durante el lanzamiento del SpaceX.&nbsp;<\/p>\n\n\n\n<p>Poco despu\u00e9s escuchamos al mismo Trump calificar de\n\u201cterroristas\u201d, \u201canarquistas profesionales\u201d, \u201chordas violentas\u201d y \u201cescoria\u201d a\nlos manifestantes que exigen justicia, ignorando que las manifestaciones son la\nconsecuencia y no el origen del problema; el s\u00edntoma, no el virus. Y le\nescuchamos llamarse a s\u00ed mismo \u201cel presidente de la ley y el orden\u201d, en un\ndiscurso m\u00e1s propio de un dictador del siglo pasado que de un estadista de una\ngran potencia.&nbsp;<\/p>\n\n\n\n<p>Si el racismo fue la chispa, el autoritarismo amenaza con\nincendiar la pradera. Para volver a la cita de Gramsci, en los \u201cclarosocuros\u201d\nde lo viejo que no termina de morir y lo nuevo que no acaba de nacer, \u201csurgen\nlos monstruos\u201d, como demuestran las viejas \u201canormalidades\u201d de la historia.<\/p>\n\n\n\n<p>No es el \u00fanico ejemplo. Un repaso de las noticias de las\n\u00faltimas semanas muestra un cierto empe\u00f1o en proclamar que aqu\u00ed no pas\u00f3 nada. Y\nno es necesario salir del \u00e1mbito local para detectar las viejas lacras. El\ndrama del coronavirus no parece haber disuadido a nadie a cambiar los h\u00e1bitos y\ncostumbres que tanto da\u00f1o han hecho a la sociedad. Y no me refiero a la\ncorrupci\u00f3n o la obscena lucha por el poder por encima de la aflicci\u00f3n general,\nm\u00e1s persistentes que el mism\u00edsimo Covid-19, sino a conductas que vulneran\nprincipios elementales, como el de la solidaridad, anulado por el ego\u00edsmo del\ns\u00e1lvese quien pueda.<\/p>\n\n\n\n<p>Para muchos, la \u201cnueva normalidad\u201d no es una oportunidad para el cambio, sino para la restauraci\u00f3n del estado de cosas previo a la pandemia. Seg\u00fan la escritora australiana M. L. Stedman (<em>La luz entre los oc\u00e9anos<\/em>), \u201colvidar es la \u00fanica forma de volver a la normalidad\u201d. Entonces, si es as\u00ed, el mejor ant\u00eddoto contra la \u201canormalidad\u201d del pasado es la memoria, recordar los errores que malograron el presente para no comprometer el futuro.<\/p>\n\n\n\n<p><strong>P\u00e1gina Siete \u2013 4 de junio de 2020<\/strong><\/p>\n","protected":false},"excerpt":{"rendered":"<p>La normalidad es un concepto relativo. La Academia de la Lengua la define como la \u201ccualidad o condici\u00f3n de normal\u201d, de lo \u201chabitual&nbsp;&nbsp;u&nbsp;&nbsp;ordinario\u201d, pero, como dijo Morticia, la hero\u00edna de la Familia Addams, muy citada estos d\u00edas, \u201cla normalidad es una ilusi\u00f3n\u201d, porque \u201clo que es normal para la ara\u00f1a, es un caos para la &hellip; <a href=\"https:\/\/desdeeltejado.com\/index.php\/2022\/03\/12\/la-vieja-anormalidad\/\" class=\"more-link\">Continuar leyendo <span class=\"screen-reader-text\">La vieja anormalidad<\/span><\/a><\/p>\n","protected":false},"author":3,"featured_media":0,"comment_status":"open","ping_status":"open","sticky":false,"template":"","format":"standard","meta":{"_jetpack_memberships_contains_paid_content":false,"footnotes":""},"categories":[2],"tags":[],"class_list":["post-682","post","type-post","status-publish","format-standard","hentry","category-columnas"],"jetpack_featured_media_url":"","jetpack_sharing_enabled":true,"_links":{"self":[{"href":"https:\/\/desdeeltejado.com\/index.php\/wp-json\/wp\/v2\/posts\/682","targetHints":{"allow":["GET"]}}],"collection":[{"href":"https:\/\/desdeeltejado.com\/index.php\/wp-json\/wp\/v2\/posts"}],"about":[{"href":"https:\/\/desdeeltejado.com\/index.php\/wp-json\/wp\/v2\/types\/post"}],"author":[{"embeddable":true,"href":"https:\/\/desdeeltejado.com\/index.php\/wp-json\/wp\/v2\/users\/3"}],"replies":[{"embeddable":true,"href":"https:\/\/desdeeltejado.com\/index.php\/wp-json\/wp\/v2\/comments?post=682"}],"version-history":[{"count":1,"href":"https:\/\/desdeeltejado.com\/index.php\/wp-json\/wp\/v2\/posts\/682\/revisions"}],"predecessor-version":[{"id":683,"href":"https:\/\/desdeeltejado.com\/index.php\/wp-json\/wp\/v2\/posts\/682\/revisions\/683"}],"wp:attachment":[{"href":"https:\/\/desdeeltejado.com\/index.php\/wp-json\/wp\/v2\/media?parent=682"}],"wp:term":[{"taxonomy":"category","embeddable":true,"href":"https:\/\/desdeeltejado.com\/index.php\/wp-json\/wp\/v2\/categories?post=682"},{"taxonomy":"post_tag","embeddable":true,"href":"https:\/\/desdeeltejado.com\/index.php\/wp-json\/wp\/v2\/tags?post=682"}],"curies":[{"name":"wp","href":"https:\/\/api.w.org\/{rel}","templated":true}]}}