{"id":625,"date":"2022-03-06T19:09:59","date_gmt":"2022-03-06T23:09:59","guid":{"rendered":"http:\/\/desdeeltejado.com\/?p=625"},"modified":"2022-03-06T19:09:59","modified_gmt":"2022-03-06T23:09:59","slug":"plan-b","status":"publish","type":"post","link":"https:\/\/desdeeltejado.com\/index.php\/2022\/03\/06\/plan-b\/","title":{"rendered":"\u201cPlan B\u201d"},"content":{"rendered":"\n<p>El escritor ruso Fiodor\nDostoievski dijo alguna vez que \u201cdespu\u00e9s de un fracaso, los planes mejor\nelaborados parecen absurdos\u201d. Absurdos y descabellados. As\u00ed suenan los de Evo\nMorales, quien lament\u00f3 en una reciente declaraci\u00f3n no haber tenido un \u201cplan B\u201d\npara mantenerse en el poder y afirm\u00f3 que, si alg\u00fan d\u00eda recupera la silla\npresidencial, organizar\u00e1 unas \u201cmilicias armadas\u201d para no volver a perderla.<\/p>\n\n\n\n<p>Pero dada su situaci\u00f3n de hu\u00e9sped cada vez m\u00e1s inc\u00f3modo\nen Argentina, el expresidente har\u00eda bien en pensar en el hoy m\u00e1s que en el\nma\u00f1ana, porque, como dijo Charles-Alphonse Allais, un humorista franc\u00e9s que\nvivi\u00f3 en la segunda mitad del siglo XIX, \u201cnunca se deben hacer planes, sobre\ntodo para el futuro\u201d. Y eso es lo que est\u00e1 haciendo Evo Morales, pensar en un\nincierto retorno a Bolivia, cuando al parecer no tiene asegurada su residencia\nde refugiado en el pa\u00eds del Plata.<\/p>\n\n\n\n<p>Morales declar\u00f3 el lunes pasado que preferir\u00eda \u201cestar\nencarcelado en Bolivia, que estar perjudicando a un pa\u00eds\u201d. \u00bfPor qu\u00e9 lo dijo?\n\u00bfNo ser\u00e1 que el gobierno de los Fern\u00e1ndez ya le hizo saber que su presencia\nest\u00e1 resultando demasiado inc\u00f3moda? Las actividades y declaraciones del\nexmandatario est\u00e1n colmando la medida de muchos sectores pol\u00edticos argentinos,\nporque, como ha denunciado la canciller Karen Longaric, el l\u00edder cocalero se\nampara en la figura del refugio para incitar \u201ca la violencia, el odio, la\ndiscriminaci\u00f3n, la subversi\u00f3n y el terrorismo\u201d.&nbsp;<\/p>\n\n\n\n<p>La Uni\u00f3n C\u00edvica Radical (UCR), integrante del frente opositor\nJuntos Por el Cambio, anunci\u00f3 que est\u00e1 analizando la posibilidad de solicitar\nal gobierno que le retire el estatus de refugiado y que lo expulse del pa\u00eds.\n\u201c\u00bfPodemos seguir \u2018refugiando\u2019 a Evo Morales?\u201d, se pregunt\u00f3. En similares\nt\u00e9rminos se expres\u00f3 el conocido presentador de radio y televisi\u00f3n Eduardo\nFeinmann: \u201cA este personaje nefasto le dimos refugio\u201d, escribi\u00f3.&nbsp;<\/p>\n\n\n\n<p>El malestar se reflej\u00f3 tambi\u00e9n en un tuit de la exministra de\nSeguridad Patricia Bullrich. \u201cVolvieron los bolsos\u201d, coment\u00f3, al comparar la\ndetenci\u00f3n de la supuesta funcionaria de PDVSA en Bolivia, Mar\u00eda Palacios,\nmientras intentaba abordar un avi\u00f3n con destino a Buenos Aires con 100 mil\nd\u00f3lares en un bolso, con la captura de Antonini Wilson, en 2007, cuando\npretend\u00eda introducir 800 mil d\u00f3lares, tambi\u00e9n en un bolso y en un avi\u00f3n de\nPDVSA, supuestamente para financiar la campa\u00f1a de los Kichner. \u201cDetuvieron a\nPalacios en Bolivia con $us 100 mil que ven\u00edan al pa\u00eds para financiar a Evo\nMorales. \u00bfLos iba a declarar y pagar el 30%?\u201d, ironizi\u00f3 Bullrich.<\/p>\n\n\n\n<p>Quiz\u00e1 al Gobierno argentino no le importe mucho la\nopini\u00f3n de la oposici\u00f3n ni la de la prensa, pero seguramente ha tomado nota del\npronunciamiento de Washington acerca de las actividades desestabilizadoras de\nMorales, habida cuenta del mal momento de la relaci\u00f3n bilateral. Un portavoz\ndel Departamento de Estado declar\u00f3 al diario Clar\u00edn que las declaraciones de\nEvo \u201cson el \u00faltimo ejemplo de su indiferencia por la democracia y el Estado de\nDerecho\u201d.&nbsp;<\/p>\n\n\n\n<p>Alberto Fern\u00e1ndez neg\u00f3 la existencia de cr\u00edticas por parte de\nla administraci\u00f3n de Donald Trump, pero admiti\u00f3 que ha recibido \u201calg\u00fan\ncomentario\u201d al respecto, que es una manera elegante de confirmarlas. \u00bfOcurrir\u00e1\nen Argentina lo mismo que sucedi\u00f3 en M\u00e9xico? Seg\u00fan recientes revelaciones de la\nprensa mexicana, Manuel L\u00f3pez Obrador fue obligado por Washington a deshacerse\nde Evo Morales. <\/p>\n\n\n\n<p>Raymundo Riva Palacios, uno de los periodistas m\u00e1s\ninfluyentes y mejor informados de M\u00e9xico, escribi\u00f3 que EEUU se quej\u00f3\n&nbsp;\u201cexpl\u00edcitamente\u201d ante L\u00f3pez Obrador por el \u201ctrato de jefe de Estado\u201d que\nle estaba dando a Morales, incluida la asignaci\u00f3n de \u201c300 miembros de la\nGuardia Nacional para su seguridad\u201d, &nbsp;y le plante\u00f3 su preocupaci\u00f3n por el\nhecho de que el asilo al boliviano pudiera suponer un \u201cprecedente\u201d para la\napertura de \u201cla puerta a venezolanos y a personas que consideraban\nterroristas\u201d.<\/p>\n\n\n\n<p>\u201cEl canciller Marcelo Ebrard \u2013agreg\u00f3\u2013 fue obligado a retirar\nla invitaci\u00f3n a Morales, luego de enfrentar la molestia de L\u00f3pez Obrador por\nlos costos pol\u00edticos que estaba originando su estad\u00eda\u201d.<\/p>\n\n\n\n<p>Para El Universal, que tambi\u00e9n se ocup\u00f3 recientemente del\ntema, no fue \u201cuna venturosa coincidencia\u201d que Evo \u201csaliera pitando de M\u00e9xico\u201d\ndos d\u00edas despu\u00e9s de la visita del fiscal general de EEUU, William Barr. Otro\ninfluyente columnista mexicano, Pablo Hiriart, afirm\u00f3 que \u201cvino&nbsp;<\/p>\n\n\n\n<p>Barr y Evo se fue por piernas, en el primer vuelo rumbo a\nCuba\u201d. \u201cSi no lo corrieron \u2013a\u00f1adi\u00f3\u2013, huy\u00f3 luego de ver, con un escalofr\u00edo en la\nespalda, el avi\u00f3n del Procurador de EEUU\u201d.<\/p>\n\n\n\n<p>Si Evo tuviera que salir \u201cpitando\u201d de Argentina, como sali\u00f3 de M\u00e9xico, \u00bftendr\u00eda d\u00f3nde ir? \u00bfCuba? \u00a0\u00bfVenezuela? Est\u00e1 visto que son opciones que no le interesan. \u00c9l dice que preferir\u00eda la c\u00e1rcel de Bolivia a incomodar a sus anfitriones, pero para eso se necesita algo que demostr\u00f3 no tener cuando se asil\u00f3 antes de que nadie lo persiguiera \u2013no hab\u00eda gobierno\u2013 y antes de que sonara el primer tiro. No ten\u00eda un \u201cplan B\u201d para quedarse en el \u00a0poder. Parece que tampoco lo tiene para sobrevivir fuera de \u00e9l.<\/p>\n\n\n\n<p><strong>P\u00e1gina Siete \u2013 16 de enero de 2020<\/strong><em>\u00a0<\/em><\/p>\n","protected":false},"excerpt":{"rendered":"<p>El escritor ruso Fiodor Dostoievski dijo alguna vez que \u201cdespu\u00e9s de un fracaso, los planes mejor elaborados parecen absurdos\u201d. Absurdos y descabellados. As\u00ed suenan los de Evo Morales, quien lament\u00f3 en una reciente declaraci\u00f3n no haber tenido un \u201cplan B\u201d para mantenerse en el poder y afirm\u00f3 que, si alg\u00fan d\u00eda recupera la silla presidencial, &hellip; <a href=\"https:\/\/desdeeltejado.com\/index.php\/2022\/03\/06\/plan-b\/\" class=\"more-link\">Continuar leyendo <span class=\"screen-reader-text\">\u201cPlan B\u201d<\/span><\/a><\/p>\n","protected":false},"author":3,"featured_media":0,"comment_status":"open","ping_status":"open","sticky":false,"template":"","format":"standard","meta":{"_jetpack_memberships_contains_paid_content":false,"footnotes":""},"categories":[2],"tags":[],"class_list":["post-625","post","type-post","status-publish","format-standard","hentry","category-columnas"],"jetpack_featured_media_url":"","jetpack_sharing_enabled":true,"_links":{"self":[{"href":"https:\/\/desdeeltejado.com\/index.php\/wp-json\/wp\/v2\/posts\/625","targetHints":{"allow":["GET"]}}],"collection":[{"href":"https:\/\/desdeeltejado.com\/index.php\/wp-json\/wp\/v2\/posts"}],"about":[{"href":"https:\/\/desdeeltejado.com\/index.php\/wp-json\/wp\/v2\/types\/post"}],"author":[{"embeddable":true,"href":"https:\/\/desdeeltejado.com\/index.php\/wp-json\/wp\/v2\/users\/3"}],"replies":[{"embeddable":true,"href":"https:\/\/desdeeltejado.com\/index.php\/wp-json\/wp\/v2\/comments?post=625"}],"version-history":[{"count":1,"href":"https:\/\/desdeeltejado.com\/index.php\/wp-json\/wp\/v2\/posts\/625\/revisions"}],"predecessor-version":[{"id":626,"href":"https:\/\/desdeeltejado.com\/index.php\/wp-json\/wp\/v2\/posts\/625\/revisions\/626"}],"wp:attachment":[{"href":"https:\/\/desdeeltejado.com\/index.php\/wp-json\/wp\/v2\/media?parent=625"}],"wp:term":[{"taxonomy":"category","embeddable":true,"href":"https:\/\/desdeeltejado.com\/index.php\/wp-json\/wp\/v2\/categories?post=625"},{"taxonomy":"post_tag","embeddable":true,"href":"https:\/\/desdeeltejado.com\/index.php\/wp-json\/wp\/v2\/tags?post=625"}],"curies":[{"name":"wp","href":"https:\/\/api.w.org\/{rel}","templated":true}]}}