{"id":601,"date":"2022-03-05T18:04:06","date_gmt":"2022-03-05T22:04:06","guid":{"rendered":"http:\/\/desdeeltejado.com\/?p=601"},"modified":"2026-03-13T17:51:46","modified_gmt":"2026-03-13T21:51:46","slug":"del-modesto-jersey-a-la-chaqueta-de-diseno","status":"publish","type":"post","link":"https:\/\/desdeeltejado.com\/index.php\/2022\/03\/05\/del-modesto-jersey-a-la-chaqueta-de-diseno\/","title":{"rendered":"Del modesto jersey a la chaqueta de dise\u00f1o"},"content":{"rendered":"\n<p>Conoc\u00ed a &nbsp; Evo\nMorales \u2013es decir, lo vi por primera vez\u2013 durante una \u201ccumbre\u201d de\norganizaciones ind\u00edgenas y campesinas en Cocoyoc, M\u00e9xico, organizada &nbsp;por\nRigoberta Mench\u00fa, a mediados de los 90. Evo era un humilde dirigente cocalero\nque buscaba infructuosamente \u2013\u201crog\u00e1ndose\u201d, como decimos los bolivianos\u2013 el aval\nde la ganadora del Nobel de la Paz &nbsp;para una resoluci\u00f3n de apoyo a los\ncocaleros del Chapare. Lo vi por segunda vez en el Palacio de la Moncloa, tras\nsu entrevista con el presidente Jos\u00e9 Luis Rodr\u00edguez Zapatero, en su primera\ngira por Europa, reci\u00e9n elegido, en enero de 2006. Y en una tercera ocasi\u00f3n, ya\nPresidente, en un desayuno ofrecido por el presidente de Repsol, Antonio\nBrufau, en un hotel de Madrid, ech\u00e1ndole flores al anfitri\u00f3n por su\n\u201ccomprensi\u00f3n\u201d ante la \u201cnacionalizaci\u00f3n\u201d del petr\u00f3leo.<\/p>\n\n\n\n<p>Recuerdo que lleg\u00f3 a la conferencia de prensa de la\nMoncloa con su \u201cjersey\u201d a rayas, que tanto impacto caus\u00f3 en Espa\u00f1a, humilde y,\nsobre todo, aut\u00e9ntico. En sus primeras palabras, confes\u00f3 que nunca se hab\u00eda\nimaginado que alg\u00fan d\u00eda iba a ser recibido por un rey y afirm\u00f3 que hab\u00eda pedido\na Rodr\u00edguez Zapatero, y al monarca que le aconsejaran y ayudaran a gobernar,\nporque \u00e9l \u2013as\u00ed lo dijo\u2013 no ten\u00eda ninguna experiencia en el arte de dirigir un\npa\u00eds.<\/p>\n\n\n\n<p>Se mostr\u00f3 muy agradecido con la reina Sof\u00eda, porque le hab\u00eda\nhecho llegar al hotel unos antigripales, afligida al verlo tan desabrigado,\napenas con un \u201cjersey\u201d, en el crudo invierno madrile\u00f1o. \u201c\u00a1Qu\u00e9 t\u00edo ten\u00e9is por\nPresidente!\u201d, recuerdo que me dijo un colega, resumiendo la admiraci\u00f3n de los\nperiodistas espa\u00f1oles. Los hab\u00eda conquistado con su humildad y sencillez.<\/p>\n\n\n\n<p>No resisto la tentaci\u00f3n de comparar al Evo del \u201cjersey\u201d con\nel Evo de las chaquetas de dise\u00f1o; al campesino orgulloso de su natal Orinoca\ncon el l\u00edder del museo propio y el inquilino del lujoso palacio presidencial,\nahora que se postula para una nueva reelecci\u00f3n. Y no es que pretenda que el\nPresidente de Bolivia vaya por el mundo dando l\u00e1stima, no, pero una cosa es\nrepresentar al Estado con dignidad y otra hacer ostentaci\u00f3n de lujos que chocan\ncon la pobreza del pa\u00eds.<\/p>\n\n\n\n<p>La transformaci\u00f3n de Evo a la sombra del poder, despu\u00e9s de 13\na\u00f1os de gobierno, est\u00e1 directamente relacionada con la mutaci\u00f3n del movimiento\nque lo impuls\u00f3 a la jefatura del Estado, el llamado \u201cproceso de cambio\u201d, que\ntermin\u00f3 cambiando a sus l\u00edderes antes que al propio pa\u00eds, como se propon\u00eda en\nsus albores. Evo es la personificaci\u00f3n de ese viaje sin retorno. De Chaparina a\nla Chiquitania.<\/p>\n\n\n\n<p>La deriva de ese proceso y sus dirigentes me trajo a la\nmemoria la novela <em>Rebeli\u00f3n en la granja<\/em>,\nla extraordinaria f\u00e1bula de George Orwell sobre el tr\u00e1nsito de una revoluci\u00f3n a\nun sistema autoritario, a partir de la corrupci\u00f3n que acompa\u00f1a toda acumulaci\u00f3n\nde poder, porque \u2013como dice el jesuita Xavier Alb\u00f3\u2013 \u201cel poder corrompe y el\npoder absoluto corrompe absolutamente\u201d.<\/p>\n\n\n\n<p>La historia de la granja es muy sencilla. Hartos de la\nexplotaci\u00f3n a la que est\u00e1n sometidos, los animales expulsan al propietario, un\ngranjero vago y alcoh\u00f3lico, con el prop\u00f3sito de crear una sociedad igualitaria,\nmanejada por ellos mismos, aspiraci\u00f3n que se traduce en una \u201cconstituci\u00f3n\u201d de\n\u201csiete mandamientos\u201d.&nbsp;<\/p>\n\n\n\n<p>Poco a poco, los l\u00edderes se van apropiando del movimiento \u2013y\nde la granja\u2013 y terminan haciendo lo mismo que hac\u00eda el patr\u00f3n expulsado,\nd\u00e1ndose al lujo y a la buena vida, para lo cual no dudan en quebrantar su\npropia ley. Los \u201cmandamientos\u201d van desapareciendo sucesivamente y, al final,\nqueda uno solo, el que proclamaba que \u201ctodos los animales son iguales\u201d, pero\ncon un aditamento: \u201ctodos los animales son iguales, pero algunos son m\u00e1s\niguales que los otros\u201d.<\/p>\n\n\n\n<p>Morales buscar\u00e1 dentro de 10 d\u00edas la reelecci\u00f3n. Lo har\u00e1\ncontraviniendo la Constituci\u00f3n que \u00e9l mismo impuls\u00f3 y el mandato expreso de un\nreferendo. Al incumplimiento de la ley, de por s\u00ed grave, se suma el quebranto\nde un principio \u00e9tico, moral, el de la palabra empe\u00f1ada. Cuando todav\u00eda usaba\nel \u201cjersey\u201d, repet\u00eda la consigna \u2013tomada de los zapatistas mexicanos\u2013 de\n\u201cmandar obedeciendo al pueblo\u201d. Obviamente, no obedeci\u00f3 el mandato del 21 F, ni\nquiere irse a su casa, como prometi\u00f3 al menos en tres ocasiones si ganaba el\nNO.<\/p>\n\n\n\n<p>Winston Churchill dijo que \u201ctras un recuento electoral,\ns\u00f3lo importa qui\u00e9n es el ganador. Todos los dem\u00e1s son perdedores\u201d. Podr\u00eda darse\nque el 20 de octubre no haya un ganador, sino dos, o que el verdadero ganador\nsea el segundo, si los electores obligan a la realizaci\u00f3n de una segunda\nvuelta, en la que se invertir\u00edan los papeles, con el opositor como\nfavorito.&nbsp;<\/p>\n\n\n\n<p>Me pregunto si Evo respetar\u00e1 en tal caso el veredicto popular. Si no lo hizo una vez, \u00bfpor qu\u00e9 tendr\u00edamos que creerle que lo har\u00e1 ahora?<\/p>\n\n\n\n<p><strong>P\u00e1gina Siete \u2013 10 de octubre de 2019<\/strong><\/p>\n","protected":false},"excerpt":{"rendered":"<p>Conoc\u00ed a &nbsp; Evo Morales \u2013es decir, lo vi por primera vez\u2013 durante una \u201ccumbre\u201d de organizaciones ind\u00edgenas y campesinas en Cocoyoc, M\u00e9xico, organizada &nbsp;por Rigoberta Mench\u00fa, a mediados de los 90. Evo era un humilde dirigente cocalero que buscaba infructuosamente \u2013\u201crog\u00e1ndose\u201d, como decimos los bolivianos\u2013 el aval de la ganadora del Nobel de la &hellip; <a href=\"https:\/\/desdeeltejado.com\/index.php\/2022\/03\/05\/del-modesto-jersey-a-la-chaqueta-de-diseno\/\" class=\"more-link\">Continuar leyendo <span class=\"screen-reader-text\">Del modesto jersey a la chaqueta de dise\u00f1o<\/span><\/a><\/p>\n","protected":false},"author":3,"featured_media":0,"comment_status":"open","ping_status":"open","sticky":false,"template":"","format":"standard","meta":{"_jetpack_memberships_contains_paid_content":false,"footnotes":""},"categories":[2,7],"tags":[],"class_list":["post-601","post","type-post","status-publish","format-standard","hentry","category-columnas","category-semblanzas"],"jetpack_featured_media_url":"","jetpack_sharing_enabled":true,"_links":{"self":[{"href":"https:\/\/desdeeltejado.com\/index.php\/wp-json\/wp\/v2\/posts\/601","targetHints":{"allow":["GET"]}}],"collection":[{"href":"https:\/\/desdeeltejado.com\/index.php\/wp-json\/wp\/v2\/posts"}],"about":[{"href":"https:\/\/desdeeltejado.com\/index.php\/wp-json\/wp\/v2\/types\/post"}],"author":[{"embeddable":true,"href":"https:\/\/desdeeltejado.com\/index.php\/wp-json\/wp\/v2\/users\/3"}],"replies":[{"embeddable":true,"href":"https:\/\/desdeeltejado.com\/index.php\/wp-json\/wp\/v2\/comments?post=601"}],"version-history":[{"count":1,"href":"https:\/\/desdeeltejado.com\/index.php\/wp-json\/wp\/v2\/posts\/601\/revisions"}],"predecessor-version":[{"id":602,"href":"https:\/\/desdeeltejado.com\/index.php\/wp-json\/wp\/v2\/posts\/601\/revisions\/602"}],"wp:attachment":[{"href":"https:\/\/desdeeltejado.com\/index.php\/wp-json\/wp\/v2\/media?parent=601"}],"wp:term":[{"taxonomy":"category","embeddable":true,"href":"https:\/\/desdeeltejado.com\/index.php\/wp-json\/wp\/v2\/categories?post=601"},{"taxonomy":"post_tag","embeddable":true,"href":"https:\/\/desdeeltejado.com\/index.php\/wp-json\/wp\/v2\/tags?post=601"}],"curies":[{"name":"wp","href":"https:\/\/api.w.org\/{rel}","templated":true}]}}