{"id":599,"date":"2022-03-05T18:02:31","date_gmt":"2022-03-05T22:02:31","guid":{"rendered":"http:\/\/desdeeltejado.com\/?p=599"},"modified":"2022-03-05T18:02:31","modified_gmt":"2022-03-05T22:02:31","slug":"realismo-magico","status":"publish","type":"post","link":"https:\/\/desdeeltejado.com\/index.php\/2022\/03\/05\/realismo-magico\/","title":{"rendered":"Realismo m\u00e1gico"},"content":{"rendered":"\n<p>El escritor dominicano\nJuan Bosch (1909-2001), autor de dos obras literarias excepcionales ambientadas\nen Bolivia, el cuento <em>El indio Manuel\nSicuri<\/em> y la novela <em>El oro y la paz<\/em>,\nme dijo en una ocasi\u00f3n en Santo Domingo que \u201cBolivia es, en s\u00ed misma, una gran\nnovela\u201d. Tengo entendido que Miguel de Unamuno apel\u00f3 a la misma met\u00e1fora para\ndescribir a la Bolivia del siglo pasado en una conversaci\u00f3n o intercambio\nepistolar con Alcides Arguedas. Lo que no dijeron es que esa gran novela\npertenece al g\u00e9nero del realismo m\u00e1gico.<\/p>\n\n\n\n<p>Es cierto que en Bolivia nadie ha ascendido en cuerpo y\nalma al cielo, como la bella <em>Remedios<\/em>\nen <em>Cien a\u00f1os de soledad<\/em>; tampoco\nsabemos de nadie que haya nacido con cola de cerdo, como el \u00faltimo <em>Aureliano<\/em> de la saga de los <em>Buend\u00eda<\/em>, pero cuando escuch\u00e9\nrecientemente a un honorable diputado nacional, en una de las tantas\ndeclaraciones que suelen ofrecer los parlamentarios en la plaza Murillo, no\npude menos que recordar a <em>Mauricio\nBabilonia<\/em>, con la diferencia de que nuestro personaje criollo ten\u00eda las\nmariposas amarillas revoloteando dentro de su cerebro.<\/p>\n\n\n\n<p>Algo tiene Bolivia de <em>Comala<\/em>\ny <em>Macondo<\/em>, las aldeas m\u00edticas de Juan\nRulfo y Gabriel Garc\u00eda M\u00e1rquez, donde lo inexplicable encuentra explicaci\u00f3n en\nla fantas\u00eda y lo irreal se convierte en real gracias a nuestra m\u00e1gica vida\ncotidiana. De tantas cosas irreales que hemos visto pasar nos hemos\nacostumbrado a ver la anormalidad como algo normal y a considerar lo improbable\ncomo algo probable. <\/p>\n\n\n\n<p>El gobernador de La Paz, Feliz Patzi, quien &nbsp;presume de\nun doctorado universitario, asegura que gracias a la ayuda de \u201calgunos\nyatiris\u201d, que \u201chan empezado a invocar y han tra\u00eddo la lluvia\u201d, fue sofocado el\nincendio que amenazaba al Parque Nacional Madidi. Entonces, digo yo, el error\ndel gobierno no es resistirse a la ayuda internacional, sino no convocar a un\nequipo de yatiris para sustituir a los bomberos en la Chiquitania.<\/p>\n\n\n\n<p>Otro personaje macondiano es el se\u00f1or Chi Hyun Chung, quien\npropone \u201ceducar a la mujer para que se comporte como mujer\u201d, &nbsp;porque, ya\nse sabe, \u201cel var\u00f3n tiene un estilo de comportamiento, la mujer tiene otro\u201d. La\nprueba, seg\u00fan el candidato, es que \u201cmientras el hombre habla uno, la mujer\nhabla diez\u201d \u00bfViolencia contra la mujer? \u201c\u00a1Qu\u00e9 habr\u00e1 hecho (la mujer) para que\nel hombre reaccione de esa manera!\u201d.<\/p>\n\n\n\n<p>La corte electoral, una instituci\u00f3n digna de <em>El oto\u00f1o del patriarca<\/em> o <em>La fiesta del Chivo<\/em>, le pone peros por cuestiones\nt\u00e9cnicas a una encuesta de la Universidad de San Andr\u00e9s, desfavorable al\ngobierno, despu\u00e9s de haber avalado una candidatura ilegal y anticonstitucional,\npas\u00e1ndose a la torera un refer\u00e9ndum vinculante que ellos mismos organizaron, y\nluego de haber autorizado el pone y saca de candidatos que no fueron elegidos\nen unas primarias que ellos impusieron sin chistar, costosas e in\u00fatiles.<\/p>\n\n\n\n<p>La realidad, como dijo alguna vez Garc\u00eda M\u00e1rquez al hablar de\nAm\u00e9rica Latina, supera a la ficci\u00f3n, m\u00e1s a\u00fan en tiempos electorales. Como en la\n<em>Comala<\/em> rulfiana, las palabras nos\nllegan como voces gastadas, simples murmullos, con la diferencia de que sus\nautores las presentan como grandes verdades. &nbsp;Como el <em>Se\u00f1or Presidente<\/em> de Miguel \u00c1ngel Asturias, muchos de nuestros\npol\u00edticos son \u201cla mentira de todas las cosas reales\u201d y \u201cla realidad de todas\nlas ficciones\u201d.<\/p>\n\n\n\n<p>A ra\u00edz de los incidentes ocurridos en Santa Cruz hace 15\nd\u00edas, Evo Morales denunci\u00f3 un supuesto \u201cgolpe de Estado\u201d, una \u201cconspiraci\u00f3n\ncontra la democracia\u201d. Pero uno se pregunta, \u00bfno fue el propio Presidente quien\ndijo que no aceptar el resultado del refer\u00e9ndum del 21F equival\u00eda a dar un\ngolpe de Estado? \u201cSi el pueblo dice No, \u00bfqu\u00e9 podemos hacer? No vamos a hacer un\ngolpe de Estado. Tenemos que irnos callados\u201d, dijo p\u00fablicamente una semana\nantes de la consulta\u2026 &nbsp;\u00a1Y no se fue! Entonces, el \u00fanico \u201cgolpe de Estado\u201d\nes el suyo.<\/p>\n\n\n\n<p>Es de antolog\u00eda el discurso que pronunci\u00f3 ante la Cumbre\nsobre Acci\u00f3n Clim\u00e1tica celebrada en la sede de Naciones Unidas, no solo porque\ndijo que su gobierno enfrent\u00f3 los incendios de manera \u201cr\u00e1pida y efectiva\u201d \u2013con\nun saldo de m\u00e1s de tres millones de hect\u00e1reas arrasadas por el fuego\u2013, sino por\nafirmar que \u201cs\u00f3lo liber\u00e1ndonos del lujo, el lucro, el consumismo podremos\nsalvar nuestro planeta tierra\u201d. Es un buen consejo, digo yo, pero, \u00bfno\ndeber\u00edamos empezar por casa? La recomendaci\u00f3n viene de un presidente que ha\nhecho del despilfarro una pol\u00edtica de Estado.<\/p>\n\n\n\n<p>Garc\u00eda M\u00e1rquez describe a su personaje de <em>El oto\u00f1o del Patriarca<\/em> como \u201cun d\u00e9spota viej\u00edsimo que se queda solo en un palacio lleno de vacas\u201d. No sabemos c\u00f3mo vive nuestro Se\u00f1or Presidente en su lujosa suite de 1.068 metros cuadrados de la \u201cCasa Grande del Pueblo\u201d, pero seguro que \u201ccree que puede ordenar que quiten la lluvia de donde estorbaba y la pongan en tierra de sequ\u00eda\u201d. Y como en la novela del colombiano, \u201cnadie se mueve, nadie respira, nadie vive sin su permiso\u201d.\u00a0<\/p>\n\n\n\n<p><strong>P\u00e1gina Siete \u2013 26 de septiembre de 2019<\/strong><\/p>\n","protected":false},"excerpt":{"rendered":"<p>El escritor dominicano Juan Bosch (1909-2001), autor de dos obras literarias excepcionales ambientadas en Bolivia, el cuento El indio Manuel Sicuri y la novela El oro y la paz, me dijo en una ocasi\u00f3n en Santo Domingo que \u201cBolivia es, en s\u00ed misma, una gran novela\u201d. Tengo entendido que Miguel de Unamuno apel\u00f3 a la &hellip; <a href=\"https:\/\/desdeeltejado.com\/index.php\/2022\/03\/05\/realismo-magico\/\" class=\"more-link\">Continuar leyendo <span class=\"screen-reader-text\">Realismo m\u00e1gico<\/span><\/a><\/p>\n","protected":false},"author":3,"featured_media":0,"comment_status":"open","ping_status":"open","sticky":false,"template":"","format":"standard","meta":{"_jetpack_memberships_contains_paid_content":false,"footnotes":""},"categories":[2],"tags":[],"class_list":["post-599","post","type-post","status-publish","format-standard","hentry","category-columnas"],"jetpack_featured_media_url":"","jetpack_sharing_enabled":true,"_links":{"self":[{"href":"https:\/\/desdeeltejado.com\/index.php\/wp-json\/wp\/v2\/posts\/599","targetHints":{"allow":["GET"]}}],"collection":[{"href":"https:\/\/desdeeltejado.com\/index.php\/wp-json\/wp\/v2\/posts"}],"about":[{"href":"https:\/\/desdeeltejado.com\/index.php\/wp-json\/wp\/v2\/types\/post"}],"author":[{"embeddable":true,"href":"https:\/\/desdeeltejado.com\/index.php\/wp-json\/wp\/v2\/users\/3"}],"replies":[{"embeddable":true,"href":"https:\/\/desdeeltejado.com\/index.php\/wp-json\/wp\/v2\/comments?post=599"}],"version-history":[{"count":1,"href":"https:\/\/desdeeltejado.com\/index.php\/wp-json\/wp\/v2\/posts\/599\/revisions"}],"predecessor-version":[{"id":600,"href":"https:\/\/desdeeltejado.com\/index.php\/wp-json\/wp\/v2\/posts\/599\/revisions\/600"}],"wp:attachment":[{"href":"https:\/\/desdeeltejado.com\/index.php\/wp-json\/wp\/v2\/media?parent=599"}],"wp:term":[{"taxonomy":"category","embeddable":true,"href":"https:\/\/desdeeltejado.com\/index.php\/wp-json\/wp\/v2\/categories?post=599"},{"taxonomy":"post_tag","embeddable":true,"href":"https:\/\/desdeeltejado.com\/index.php\/wp-json\/wp\/v2\/tags?post=599"}],"curies":[{"name":"wp","href":"https:\/\/api.w.org\/{rel}","templated":true}]}}