{"id":220,"date":"2022-02-19T16:55:39","date_gmt":"2022-02-19T20:55:39","guid":{"rendered":"http:\/\/desdeeltejado.com\/?p=220"},"modified":"2022-02-19T17:17:10","modified_gmt":"2022-02-19T21:17:10","slug":"bajo-el-sombrero-de-cuero","status":"publish","type":"post","link":"https:\/\/desdeeltejado.com\/index.php\/2022\/02\/19\/bajo-el-sombrero-de-cuero\/","title":{"rendered":"Bajo el sombrero de cuero"},"content":{"rendered":"\n<p>El sombrero de cuero, tan popular como la flor de patuj\u00fa,\ncubre su rostro moreno y oculta su mirada aguda e inquisidora. Su imagen\nrecortada&nbsp; en un mar de banderas blancas\ny tricolores, se ha convertido en \u00edcono de las marchas ind\u00edgenas. Absorto en\nsus pensamientos, como suele estar incluso cuando departe con sus compa\u00f1eros,\nrara vez sonr\u00ede. La voz pausada, casi mon\u00f3tona,&nbsp;\ny la palabra sencilla, medida, dan tono y forma a su timidez. Sus amigos\nlo describen como un hombre de car\u00e1cter fuerte. Y as\u00ed encara su misi\u00f3n, con una\nvoluntad rayana en la terquedad. <\/p>\n\n\n\n<p>Nacido en El Para\u00edso, asume su liderazgo como un mandato\nevang\u00e9lico. \u201cComo nos pidi\u00f3 Jes\u00fas, cuando dio toma tu cruz y s\u00edgueme, nosotros\ncargamos nuestra cruz y salimos a los caminos. Y como Jes\u00fas, fuimos golpeados y\nhumillados\u201d, reflexion\u00f3 en la Carretera de la Muerte, con los moretones todav\u00eda\na flor de piel. Fernando Vargas hablaba con la naturalidad de siempre, pocos\nd\u00edas despu\u00e9s de la represi\u00f3n de Chaparina.<\/p>\n\n\n\n<p>Voz y rostro de las dos \u00faltimas marchas en defensa de la\n\u201cCasa grande\u201d de los pueblos Yuracar\u00e9, moxe\u00f1o y chim\u00e1n, el territorio ind\u00edgena\nde Isiboro S\u00e9cure amenazado por la construcci\u00f3n de la carretera Villa\nTunari-San Ignacio de Moxos, el l\u00edder del Territorio Ind\u00edgena y Parque Nacional\nIsiboro S\u00e9cure (TIPNIS) tiene sangre moxe\u00f1a, ocho hijos, estudios a nivel\nt\u00e9cnico y una gran afici\u00f3n a la ganader\u00eda. Pero, a sus 48 largos a\u00f1os, es ante\ntodo el abanderado de una vieja causa. En esa condici\u00f3n fue protagonista,\nv\u00edctima y testigo de la intervenci\u00f3n policial con la que el gobierno de Evo\nMorales intent\u00f3 dispersar la octava marcha de los ind\u00edgenas de Tierras Bajas.<\/p>\n\n\n\n<p>Ocurri\u00f3 el domingo 25 de septiembre de 2011. Los polic\u00edas\n\u2013todav\u00eda no se sabe enviados por qui\u00e9n\u2013 lo detuvieron y apalearon, tras tomar\npor asalto el campamento de San Lorenzo de de Yucumo. Durante 24 horas, hasta\nque fue liberado en Rurrenabaque, soport\u00f3 insultos y golpes. \u201cCuando llegu\u00e9 (a\nla carretera) yo vi que ven\u00edan filas de polic\u00edas&nbsp; tras de m\u00ed. Hab\u00eda un hombre civil de blanco\nque me dijo: \u2018A vos te conozco y vos sos responsable de todo esto, vos vas a\npagar eso\u2019. Est\u00e1 bien, le dije, pero vos tambi\u00e9n&nbsp; vas a pagar por lo que vas a hacer ahora\u201d,\nrecordar\u00eda d\u00edas despu\u00e9s. <\/p>\n\n\n\n<p>Naci\u00f3 el 2 de abril de 1964 en una propiedad de su padre, El\nPara\u00edso, hoy convertida en comunidad. Estudi\u00f3 hasta octavo en Gundonovia, en el\nnorte del TIPNIS, y despu\u00e9s se traslad\u00f3 a Trinidad, donde sac\u00f3 el bachillerato.\n\u201cLuego, como siempre me gust\u00f3 la ganader\u00eda, me&nbsp;\ndediqu\u00e9&nbsp; a ese trabajo\u201d, rememor\u00f3\nen una entrevista difundida&nbsp; por la\nFundaci\u00f3n Tierra. Sus padres, de quienes aprendi\u00f3 el oficio, llegaron a tener\nm\u00e1s de 600 cabezas. En 1982 dej\u00f3 su hogar y se fue a Santa Cruz, donde hizo el\nservicio militar y trabaj\u00f3 de obrero y zafrero. Seis a\u00f1os despu\u00e9s regres\u00f3 al\nBeni, cuando sus padres lo cre\u00edan muerto.<\/p>\n\n\n\n<p>\u201cFui como el hijo pr\u00f3digo de la familia\u201d, record\u00f3. Volvi\u00f3\ncasado y su padre le compr\u00f3 una propiedad en El Para\u00edso, en 1989, pero apareci\u00f3\notro supuesto due\u00f1o con un&nbsp; t\u00edtulo que le\notorgaba&nbsp; derechos sobre cuatro\ncomunidades y la tierra que le regal\u00f3 su padre. Vargas le inici\u00f3 una demanda y\ncree&nbsp; que, en venganza,&nbsp; el terrateniente orden\u00f3 matar a uno de sus\nsobrinos de seis a\u00f1os. \u201cDespu\u00e9s de eso mis hermanos me dijeron que dejara esa\npropiedad; tuve que hacerlo, pero yo no le ten\u00eda miedo\u201d, relat\u00f3. \u00c9l dej\u00f3 la\npropiedad pero insisti\u00f3 en la demanda. Para ello pidi\u00f3 ayuda a la Iglesia\nCat\u00f3lica, que le dio un empleo como promotor jur\u00eddico. No le pagaban, pero\naprendi\u00f3 un nuevo oficio y como tal hizo trabajos de saneamiento y titulaci\u00f3n.\n\u201cTambi\u00e9n ten\u00eda mi ganadito, pero tras una inundaci\u00f3n, en 1991, perd\u00ed todas las\ncabezas\u201d. El golpe fue duro y no sab\u00eda qu\u00e9 hacer.<\/p>\n\n\n\n<p>Fue cuando inici\u00f3 su relaci\u00f3n con la dirigencia ind\u00edgena. En\nesa \u00e9poca, entre 1992 y 1993, la Confederaci\u00f3n de Pueblos Ind\u00edgenas del Oriente\nBoliviano (CIDOB) impuls\u00f3 el primer censo ind\u00edgena, que arranc\u00f3 en el TIPNIS.\n\u201cMe capacitaron r\u00e1pidamente y durante dos meses trabajamos con cuatro brigadas\npor todo el territorio\u201d, record\u00f3. En 1993 tom\u00f3 un curso para t\u00e9cnicos jur\u00eddicos\nen Trinidad con catedr\u00e1ticos de la Universidad Gabriel Ren\u00e9 Moreno de Santa\nCruz, a propuesta de los corregidores del TIPNIS.<\/p>\n\n\n\n<p>En 1998 fue elegido secretario de Tierra y Territorio de la\nSubcentral del TIPNIS. En 2011 asumi\u00f3 la presidencia de la organizaci\u00f3n. \u201cTodos\nlos delegados, me parece, confiaron en mi persona\u201d. Horas antes le hab\u00edan\npreguntado: \u201cSi nosotros te proponemos como candidato para presidente, no\nqueremos que nos digas no, porque ahorita no hay otra persona en la que podemos\nconfiar\u201d. Y \u00e9l les respondi\u00f3: \u201cSi ustedes consideran y ma\u00f1ana no me van a dar\nla espalda, yo acepto. Yo no quiero que cuando la lucha empiece me dejen\u201d. Para\nentonces los ind\u00edgenas ya hab\u00edan tomado la decisi\u00f3n de realizar una nueva\nmarcha.<\/p>\n\n\n\n<p>Chaparina marc\u00f3 su vida y sell\u00f3 su compromiso. Recuerda que\nlleg\u00f3 la polic\u00eda y se lanz\u00f3 en su persecuci\u00f3n. \u201cMe tumbaron, me volv\u00ed a parar,\npero me volvieron a golpear, y hab\u00eda una orden: \u2018A este desgraciado hay que\nmatarlo\u2019. Despu\u00e9s otro dijo que no: \u00b4Des\u00e1ganle la cara a punta de patadas\u2019. Yo\nlo que hac\u00eda era cubrirme la cara y tirarme boca abajo\u201d.<\/p>\n\n\n\n<p>Un coronel espet\u00f3 a los detenidos: \u201cA nadie quiero escuchar\nhablar\u201d. Los detenidos exig\u00edan a los polic\u00edas que les desataran. El coronel les\ngrit\u00f3: \u201c\u00a1Carajo!, ya les he dicho que nadie hable porque si no&nbsp; les voy a tratar&nbsp; realmente como animales\u201d. En ese momento se\npar\u00f3 Vargas y le dijo: \u201cA ninguno de mis hermanos los va a maltratar. Si a m\u00ed\nme quieren, aqu\u00ed estoy para que me maten, pero m\u00e1tenme en este momento. Y \u00e9l me\ndice: \u2018si tuviera \u00f3rdenes, lo har\u00eda en este momento\u2019\u201d.<\/p>\n\n\n\n<p>La paliza le dej\u00f3 dos costillas lastimadas y fuertes dolores\nque se agravaron con la caminata de dos las semanas siguientes, pero aguant\u00f3 y\nentr\u00f3 a La Paz, triunfante, el 19 de octubre, y un a\u00f1o despu\u00e9s protagoniz\u00f3 una\nnueva protesta, gracias al respaldo no solamente de sus bases, sino de su\nfamilia. \u201cMi mujer me dijo que tenga valor\u201d, recordar\u00eda d\u00edas despu\u00e9s. Mucho\nantes, cuando asumi\u00f3 el liderazgo del TIPNIS, su esposa, Rafaela Menacho\nMonteverde, ya le hab\u00eda expresado su apoyo: \u201cMe dijo que tenga valor y que no\nme deje influenciar, que jam\u00e1s me deje comprar, que tengo que pensar en ella,\nen mis hijos y en mi reputaci\u00f3n, y que eso hace grandes a mis hijos\u201d.<\/p>\n\n\n\n<p>Vargas no olvida Chaparina. \u201cHa despertado la conciencia de los bolivianos y ha logrado unir a todo el pa\u00eds en torno a la defensa del medio ambiente\u201d, dijo mientras ascend\u00eda por la Carretera\u00a0 de la Muerte, rumbo a Chuspipata, cerca de la Cumbre, en las puertas de La Paz. Todav\u00eda no hab\u00eda terminado la octava marcha y la novena ni siquiera se vislumbraba en el horizonte. Caminaba a paso lento y acompasado. De vez en cuando volteaba\u00a0 la cabeza para constatar el ritmo de los marchistas. Haciendo visera con la mano derecha\u00a0 para cubrirse del sol, contemplaba la larga fila multicolor que avanzaba serpenteando por la cornisa del camino, entre ca\u00eddas de agua, precipicios y acantilados. \u201c\u00a1Ya falta poco!\u201d, alentaba a sus compa\u00f1eros.<\/p>\n\n\n\n<p><strong>Nueva Cr\u00f3nicas \u2013 2\u00aa quincena de septiembre de 2012<\/strong><\/p>\n","protected":false},"excerpt":{"rendered":"<p>El sombrero de cuero, tan popular como la flor de patuj\u00fa, cubre su rostro moreno y oculta su mirada aguda e inquisidora. Su imagen recortada&nbsp; en un mar de banderas blancas y tricolores, se ha convertido en \u00edcono de las marchas ind\u00edgenas. Absorto en sus pensamientos, como suele estar incluso cuando departe con sus compa\u00f1eros, &hellip; <a href=\"https:\/\/desdeeltejado.com\/index.php\/2022\/02\/19\/bajo-el-sombrero-de-cuero\/\" class=\"more-link\">Continuar leyendo <span class=\"screen-reader-text\">Bajo el sombrero de cuero<\/span><\/a><\/p>\n","protected":false},"author":3,"featured_media":0,"comment_status":"open","ping_status":"open","sticky":false,"template":"","format":"standard","meta":{"_jetpack_memberships_contains_paid_content":false,"footnotes":""},"categories":[7],"tags":[],"class_list":["post-220","post","type-post","status-publish","format-standard","hentry","category-semblanzas"],"jetpack_featured_media_url":"","jetpack_sharing_enabled":true,"_links":{"self":[{"href":"https:\/\/desdeeltejado.com\/index.php\/wp-json\/wp\/v2\/posts\/220","targetHints":{"allow":["GET"]}}],"collection":[{"href":"https:\/\/desdeeltejado.com\/index.php\/wp-json\/wp\/v2\/posts"}],"about":[{"href":"https:\/\/desdeeltejado.com\/index.php\/wp-json\/wp\/v2\/types\/post"}],"author":[{"embeddable":true,"href":"https:\/\/desdeeltejado.com\/index.php\/wp-json\/wp\/v2\/users\/3"}],"replies":[{"embeddable":true,"href":"https:\/\/desdeeltejado.com\/index.php\/wp-json\/wp\/v2\/comments?post=220"}],"version-history":[{"count":3,"href":"https:\/\/desdeeltejado.com\/index.php\/wp-json\/wp\/v2\/posts\/220\/revisions"}],"predecessor-version":[{"id":228,"href":"https:\/\/desdeeltejado.com\/index.php\/wp-json\/wp\/v2\/posts\/220\/revisions\/228"}],"wp:attachment":[{"href":"https:\/\/desdeeltejado.com\/index.php\/wp-json\/wp\/v2\/media?parent=220"}],"wp:term":[{"taxonomy":"category","embeddable":true,"href":"https:\/\/desdeeltejado.com\/index.php\/wp-json\/wp\/v2\/categories?post=220"},{"taxonomy":"post_tag","embeddable":true,"href":"https:\/\/desdeeltejado.com\/index.php\/wp-json\/wp\/v2\/tags?post=220"}],"curies":[{"name":"wp","href":"https:\/\/api.w.org\/{rel}","templated":true}]}}