{"id":196,"date":"2022-02-12T14:46:51","date_gmt":"2022-02-12T18:46:51","guid":{"rendered":"http:\/\/desdeeltejado.com\/?p=196"},"modified":"2026-02-19T11:09:55","modified_gmt":"2026-02-19T15:09:55","slug":"madrid-homenajea-a-periodista-boliviano-como-personaje-latino","status":"publish","type":"post","link":"https:\/\/desdeeltejado.com\/index.php\/2022\/02\/12\/madrid-homenajea-a-periodista-boliviano-como-personaje-latino\/","title":{"rendered":"Madrid homenajea a periodista boliviano como personaje latino"},"content":{"rendered":"\n<p><strong>Agencia DPA<\/strong><\/p>\n\n\n\n<p><strong>Madrid \u2013<\/strong> Cien personalidades\u00a0 de la comunidad latinoamericana residentes en Madrid recibieron hoy en la capital espa\u00f1ola un homenaje por su contribuci\u00f3n al desarrollo social, cultural y econ\u00f3mico tanto de Espa\u00f1a como de sus pa\u00edses de origen.<\/p>\n\n\n\n<p>La ceremonia tuvo lugar en la Casa de Am\u00e9rica de la capital\nespa\u00f1ola. All\u00ed se rindi\u00f3 tributo a 37 mujeres y a 63 hombres de 20\nnacionalidades distintas y de \u00e1mbitos tan diversos como la pol\u00edtica, la\ncultura, la ciencia, la empresa, el periodismo o los deportes.<\/p>\n\n\n\n<p>Entre los \u201c100 Latinos 2010\u201d figuran el uruguayo Enrique\nIglesias, titular de la Secretar\u00eda General Iberoamericana (Segib), el poeta\ncubano Ra\u00fal Rivero, el pintor dominicano Alonso Cuevas y el periodista\nboliviano Juan Carlos Salazar, director del Servicio en Espa\u00f1ol de la Agencia\nAlemana de Prensa (DPA).<\/p>\n\n\n\n<p>Son \u201cpersonas valientes, creativas, emprendedoras e\ninteligentes, cuyas vidas son verdaderos ejemplos de superaci\u00f3n y esperanza\u201d,\ndijo la presidenta de la Asociaci\u00f3n Fusionarte y directora de este proyecto,\nVer\u00f3nica Dur\u00e1n Castello.<\/p>\n\n\n\n<p>Tambi\u00e9n estuvieron entre los homenajeados el m\u00fasico de jazz\npuertorrique\u00f1o Jerry Gonz\u00e1lez, la actriz colombiana Angie Cepeda, la gimnasta\necuatoriana Ana Izurieta, el escritor y presentador venezolano Boris\nEizaguirre, el exfutbolista argentino Jorge Valdano, actual director general\ndel Real Madrid, el actor costarricense Daniel Marote y el guitarrista y\ncompositor brasile\u00f1o Jayme Marques.<\/p>\n\n\n\n<p>En la lista de galardonados figuran tambi\u00e9n la modelo\nboliviana Alejandra Oliva, la astrof\u00edsica argentina Nora Loisseau Lazarte, la\n\u00fanica latinoamericana entre los 250 cient\u00edficos del Centro Europeo de\nAstronom\u00eda Espacial; la cineasta uruguaya Mariela Besuievsky, productora de \u201cEl\nsecreto de sus ojos\u201d, premiada este a\u00f1o con el Oscar; el jurista y experto en\nderechos humanos colombiano Hernando Valencia, el soci\u00f3logo mexicano Israel\nBuenrostro y el colombiano Juan Mendoza, director art\u00edstico de la Escuela\nSuperior de M\u00fasica Reina Sof\u00eda.<\/p>\n\n\n\n<p>\u201c100 Latinos Madrid\u201d, que celebr\u00f3 hoy su tercera edici\u00f3n, es\nuna iniciativa de la asociaci\u00f3n privada Fisionarte apoyada por la Comunidad de\nMadrid, la Casa de Am\u00e9rica y la Secretar\u00eda General Iberoamericana que pretende\n\u201cidentificar y reconocer a los latinoamericanos que con su esfuerzo,\ncreatividad y emprendimiento contribuyen al desarrollo social, cultural y\necon\u00f3mico\u201d de Espa\u00f1a y su pa\u00eds de origen.<\/p>\n\n\n\n<p>En la ceremonia se entreg\u00f3 tambi\u00e9n un libro \u2013\u201cHistoria de\nvidas, creatividad y emprendimi9ento\u201d\u2013 con las fotos y las semblanzas de los\nhomenajeados.<\/p>\n\n\n\n<p>\u201cSe trata de 100 noticias positivas acerca de personas\ncreativas, emprendedoras, cuyas historias de vida son verdaderos ejemplos de\nsuperaci\u00f3n y esperanza\u201d, se\u00f1alaron los organizadores.<\/p>\n\n\n\n<p>Asimismo, del 17 de noviembre al 17 de diciembre tendr\u00e1\nlugar una exposici\u00f3n fotogr\u00e1fica sobre los homenajeados titulada \u201c100 latinos,\nel triunfo de los sue\u00f1os\u201d en la estaci\u00f3n Nuevos Ministerios del Metro de\nMadrid.<\/p>\n\n\n\n<p>Los candidatos al galard\u00f3n fueron propuestos por diversas\ninstituciones, organizaciones, embajadas y empresas vinculadas a la comunidad\nlatinoamericana residente en Madrid.<\/p>\n\n\n\n<p>La Asociaci\u00f3n Fusionarte fue creada en 2007 en la capital espa\u00f1ola con el \u201cprofundo convencimiento de que el arte y la cultura son dos poderosas herramientas de integraci\u00f3n para los nuevos residentes madrile\u00f1os\u201d.<\/p>\n\n\n\n<p><strong>DPA &#8211; Madrid, 10 de noviembre de 2010<\/strong><\/p>\n","protected":false},"excerpt":{"rendered":"<p>Agencia DPA Madrid \u2013 Cien personalidades\u00a0 de la comunidad latinoamericana residentes en Madrid recibieron hoy en la capital espa\u00f1ola un homenaje por su contribuci\u00f3n al desarrollo social, cultural y econ\u00f3mico tanto de Espa\u00f1a como de sus pa\u00edses de origen. La ceremonia tuvo lugar en la Casa de Am\u00e9rica de la capital espa\u00f1ola. All\u00ed se rindi\u00f3 &hellip; <a href=\"https:\/\/desdeeltejado.com\/index.php\/2022\/02\/12\/madrid-homenajea-a-periodista-boliviano-como-personaje-latino\/\" class=\"more-link\">Continuar leyendo <span class=\"screen-reader-text\">Madrid homenajea a periodista boliviano como personaje latino<\/span><\/a><\/p>\n","protected":false},"author":3,"featured_media":0,"comment_status":"open","ping_status":"open","sticky":false,"template":"","format":"standard","meta":{"_jetpack_memberships_contains_paid_content":false,"footnotes":""},"categories":[5],"tags":[],"class_list":["post-196","post","type-post","status-publish","format-standard","hentry","category-noticiasyentrevistas"],"jetpack_featured_media_url":"","jetpack_sharing_enabled":true,"_links":{"self":[{"href":"https:\/\/desdeeltejado.com\/index.php\/wp-json\/wp\/v2\/posts\/196","targetHints":{"allow":["GET"]}}],"collection":[{"href":"https:\/\/desdeeltejado.com\/index.php\/wp-json\/wp\/v2\/posts"}],"about":[{"href":"https:\/\/desdeeltejado.com\/index.php\/wp-json\/wp\/v2\/types\/post"}],"author":[{"embeddable":true,"href":"https:\/\/desdeeltejado.com\/index.php\/wp-json\/wp\/v2\/users\/3"}],"replies":[{"embeddable":true,"href":"https:\/\/desdeeltejado.com\/index.php\/wp-json\/wp\/v2\/comments?post=196"}],"version-history":[{"count":2,"href":"https:\/\/desdeeltejado.com\/index.php\/wp-json\/wp\/v2\/posts\/196\/revisions"}],"predecessor-version":[{"id":1268,"href":"https:\/\/desdeeltejado.com\/index.php\/wp-json\/wp\/v2\/posts\/196\/revisions\/1268"}],"wp:attachment":[{"href":"https:\/\/desdeeltejado.com\/index.php\/wp-json\/wp\/v2\/media?parent=196"}],"wp:term":[{"taxonomy":"category","embeddable":true,"href":"https:\/\/desdeeltejado.com\/index.php\/wp-json\/wp\/v2\/categories?post=196"},{"taxonomy":"post_tag","embeddable":true,"href":"https:\/\/desdeeltejado.com\/index.php\/wp-json\/wp\/v2\/tags?post=196"}],"curies":[{"name":"wp","href":"https:\/\/api.w.org\/{rel}","templated":true}]}}