{"id":1369,"date":"2023-01-31T09:02:16","date_gmt":"2023-01-31T13:02:16","guid":{"rendered":"https:\/\/desdeeltejado.com\/?p=1369"},"modified":"2026-03-17T09:17:27","modified_gmt":"2026-03-17T13:17:27","slug":"el-teatro-voyeur-de-santa-cruz-puso-en-escena-el-cuento-el-santo-prestado","status":"publish","type":"post","link":"https:\/\/desdeeltejado.com\/index.php\/2023\/01\/31\/el-teatro-voyeur-de-santa-cruz-puso-en-escena-el-cuento-el-santo-prestado\/","title":{"rendered":"El Teatro Voyeur de Santa Cruz puso en escena el cuento \u201cEl santo prestado\u201d"},"content":{"rendered":"\n<figure class=\"wp-block-image size-large\"><img loading=\"lazy\" decoding=\"async\" width=\"1024\" height=\"768\" src=\"https:\/\/desdeeltejado.com\/wp-content\/uploads\/2026\/03\/Cuento-teatro-1024x768.jpg\" alt=\"\" class=\"wp-image-1370\" srcset=\"https:\/\/desdeeltejado.com\/wp-content\/uploads\/2026\/03\/Cuento-teatro-1024x768.jpg 1024w, https:\/\/desdeeltejado.com\/wp-content\/uploads\/2026\/03\/Cuento-teatro-300x225.jpg 300w, https:\/\/desdeeltejado.com\/wp-content\/uploads\/2026\/03\/Cuento-teatro-768x576.jpg 768w, https:\/\/desdeeltejado.com\/wp-content\/uploads\/2026\/03\/Cuento-teatro-863x647.jpg 863w, https:\/\/desdeeltejado.com\/wp-content\/uploads\/2026\/03\/Cuento-teatro-144x108.jpg 144w, https:\/\/desdeeltejado.com\/wp-content\/uploads\/2026\/03\/Cuento-teatro.jpg 1440w\" sizes=\"auto, (max-width: 1024px) 100vw, 1024px\" \/><\/figure>\n\n\n\n<p>El Teatro Voyeur de Santa Cruz de la Sierra puso en escena uno de mis cuentos, \u201cEl santo prestado\u201d (<em>Figuraciones<\/em>, Plural Editores). Se trata de una adaptaci\u00f3n en el formato de mon\u00f3logo del director del grupo teatral, Jorge Calero N\u00fa\u00f1ez.<\/p>\n\n\n\n<p>Vouyer lo estren\u00f3 en enero de 2023 y lo volvi\u00f3 a subir a escena en septiembre del mismo a\u00f1o, en La Tuja Club de la Comedia de Santa Cruz de la Sierra, con \u201cmuy buena aceptaci\u00f3n\u201d del p\u00fablico, seg\u00fan Calero.<\/p>\n\n\n\n<p>El cuento relata \u2013para citar la primera frase del texto\u2013 \u201cel d\u00eda que Jacinto lleg\u00f3 al pueblo con la idea de traer la imagen de Jes\u00fas Malverde\u201d. El pueblo es un territorio \u201cimaginario\u201d controlado por el narcotr\u00e1fico y Malverde es el \u201csanto protector\u201d de los narcos mexicanos.<\/p>\n\n\n\n<p>Seg\u00fan Calero, el cuento \u201cnarra de manera hilarante la historia de Jacinto\u201d, alias <em>El mexicano<\/em>, y la puesta en escena \u201cmezcla lo grotesco con el realismo y humor que tiene el texto\u201d.<\/p>\n\n\n\n<p>\u201cJuan Carlos Salazar ha sido tan generoso de prestarnos su cuento &#8216;El santo prestado&#8217; para ponerlo en escena y transformarlo en teatro. Ale Gr\u00e1geda se transforma en ese cantinero de ese pueblo imaginario y nos narra la historia de santos, rancheras y cocales. Para nosotros es m\u00e1s que un placer contar esta historia. \u00a1Vengan a conocerlos y escuchar la historia del Jacinto!\u201d, escribi\u00f3 Calero en las redes sociales.<\/p>\n\n\n\n<p>\u201cEl santo prestado\u201d es uno de los siete cuentos que integran mi libro <em>Figuraciones<\/em> (Plural Editores).<\/p>\n\n\n\n<p>En la foto, Ale Gr\u00e1geda con el retrato del \u201csanto\u201d Jes\u00fas Malverde en la mano. La escena es una verdadera pintura. <\/p>\n\n\n\n<p><strong>FB 18 de enero de 2023.<\/strong><\/p>\n\n\n\n<figure class=\"wp-block-embed\"><div class=\"wp-block-embed__wrapper\">\nhttps:\/\/www.facebook.com\/profile\/100002378380171\/search\/?q=teatro&#038;locale=es_LA\n<\/div><\/figure>\n\n\n\n<p><\/p>\n","protected":false},"excerpt":{"rendered":"<p>El Teatro Voyeur de Santa Cruz de la Sierra puso en escena uno de mis cuentos, \u201cEl santo prestado\u201d (Figuraciones, Plural Editores). Se trata de una adaptaci\u00f3n en el formato de mon\u00f3logo del director del grupo teatral, Jorge Calero N\u00fa\u00f1ez. Vouyer lo estren\u00f3 en enero de 2023 y lo volvi\u00f3 a subir a escena en &hellip; <a href=\"https:\/\/desdeeltejado.com\/index.php\/2023\/01\/31\/el-teatro-voyeur-de-santa-cruz-puso-en-escena-el-cuento-el-santo-prestado\/\" class=\"more-link\">Continuar leyendo <span class=\"screen-reader-text\">El Teatro Voyeur de Santa Cruz puso en escena el cuento \u201cEl santo prestado\u201d<\/span><\/a><\/p>\n","protected":false},"author":3,"featured_media":0,"comment_status":"open","ping_status":"open","sticky":false,"template":"","format":"standard","meta":{"_jetpack_memberships_contains_paid_content":false,"footnotes":""},"categories":[5],"tags":[],"class_list":["post-1369","post","type-post","status-publish","format-standard","hentry","category-noticiasyentrevistas"],"jetpack_featured_media_url":"","jetpack_sharing_enabled":true,"_links":{"self":[{"href":"https:\/\/desdeeltejado.com\/index.php\/wp-json\/wp\/v2\/posts\/1369","targetHints":{"allow":["GET"]}}],"collection":[{"href":"https:\/\/desdeeltejado.com\/index.php\/wp-json\/wp\/v2\/posts"}],"about":[{"href":"https:\/\/desdeeltejado.com\/index.php\/wp-json\/wp\/v2\/types\/post"}],"author":[{"embeddable":true,"href":"https:\/\/desdeeltejado.com\/index.php\/wp-json\/wp\/v2\/users\/3"}],"replies":[{"embeddable":true,"href":"https:\/\/desdeeltejado.com\/index.php\/wp-json\/wp\/v2\/comments?post=1369"}],"version-history":[{"count":2,"href":"https:\/\/desdeeltejado.com\/index.php\/wp-json\/wp\/v2\/posts\/1369\/revisions"}],"predecessor-version":[{"id":1373,"href":"https:\/\/desdeeltejado.com\/index.php\/wp-json\/wp\/v2\/posts\/1369\/revisions\/1373"}],"wp:attachment":[{"href":"https:\/\/desdeeltejado.com\/index.php\/wp-json\/wp\/v2\/media?parent=1369"}],"wp:term":[{"taxonomy":"category","embeddable":true,"href":"https:\/\/desdeeltejado.com\/index.php\/wp-json\/wp\/v2\/categories?post=1369"},{"taxonomy":"post_tag","embeddable":true,"href":"https:\/\/desdeeltejado.com\/index.php\/wp-json\/wp\/v2\/tags?post=1369"}],"curies":[{"name":"wp","href":"https:\/\/api.w.org\/{rel}","templated":true}]}}