{"id":1356,"date":"2016-12-31T18:20:45","date_gmt":"2016-12-31T22:20:45","guid":{"rendered":"https:\/\/desdeeltejado.com\/?p=1356"},"modified":"2026-03-13T18:22:41","modified_gmt":"2026-03-13T22:22:41","slug":"andres-soliz-rada-defensor-de-los-recursos-naturales","status":"publish","type":"post","link":"https:\/\/desdeeltejado.com\/index.php\/2016\/12\/31\/andres-soliz-rada-defensor-de-los-recursos-naturales\/","title":{"rendered":"Andr\u00e9s Soliz Rada, defensor de los recursos naturales"},"content":{"rendered":"\n<p>Al periodista, abogado y pol\u00edtico Andr\u00e9s Soliz Rada, mentor y gestor de la tercera nacionalizaci\u00f3n de los hidrocarburos en Bolivia (1 de mayo de 2006), le pas\u00f3 lo mismo que a Marcelo Quiroga Santa Cruz en 1970, obligado a renunciar tras haber sido desautorizado por el entonces presidente Alfredo Ovando Candia, quien hab\u00eda pactado una indemnizaci\u00f3n con la Gulf Oil Company a espaldas de su ministro. \u00abAlgo de eso ocurri\u00f3 conmigo\u201d, confi\u00f3 el exministro a este cronista al recordar su renuncia al Ministerio de Hidrocarburos siete meses y 23 d\u00edas despu\u00e9s de haber jurado al cargo en el primer gabinete de Evo Morales.<\/p>\n\n\n\n<p>M\u00e1s expl\u00edcito fue en su libro <em>Controversias de la Izquierda Nacional<\/em> (2015): \u00abMi relaci\u00f3n con el gobierno se agrav\u00f3 debido a que, en aplicaci\u00f3n del decreto de nacionalizaci\u00f3n, dispuse que YPFB controlara la producci\u00f3n de las refiner\u00edas de Cochabamba y Santa Cruz, que estaban en poder de Petrobras. La decisi\u00f3n origin\u00f3 la protesta del gobierno brasile\u00f1o (\u2026), lo que motiv\u00f3 que el vicepresidente \u00c1lvaro Garc\u00eda Linera anunciara a los medios de comunicaci\u00f3n el congelamiento de la medida. El anuncio de Garc\u00eda Linera fue formulado sin avisar a mi persona, lo que motiv\u00f3 mi renuncia el 15 de septiembre de 2006\u201d, escribi\u00f3.<\/p>\n\n\n\n<p>Fallecido el 2 de septiembre pasado a los 77 a\u00f1os, Soliz Rada fue uno de los m\u00e1s decididos y consecuentes defensores de los recursos naturales de Bolivia, espec\u00edficamente del petr\u00f3leo, misi\u00f3n a la que se dedic\u00f3 por entero como periodista, pol\u00edtico e ide\u00f3logo de la llamada \u00abizquierda nacional\u201d.<\/p>\n\n\n\n<p>Ya en la d\u00e9cada de los 60, como dirigente del Sindicato de Trabajadores de la Prensa y como fundador y l\u00edder del Grupo Octubre, una peque\u00f1a agrupaci\u00f3n pol\u00edtica que postulaba la defensa de los recursos naturales, apoy\u00f3 decididamente al gobierno de Ovando Candia y a su ministro de Minas y Petr\u00f3leo, Marcelo Quiroga Santa Cruz, quien nacionaliz\u00f3 el petr\u00f3leo el 17 &nbsp;de octubre de 1969.<\/p>\n\n\n\n<p>Fue autor de la primera tesis pol\u00edtica de los periodistas bolivianos, que postulaba el \u00abapoyo cr\u00edtico\u201d a los gobiernos militares de izquierda, como los de Ovando Candia y Juan Jos\u00e9 Torres.&nbsp;<\/p>\n\n\n\n<p>Como dirigente del Sindicato de Trabajadores de la Prensa de La Paz, apoy\u00f3 decididamente al entonces ministro de Informaci\u00f3n, Alberto Bailey Guti\u00e9rrez, en la aprobaci\u00f3n del decreto del 19 de febrero de 1970 que dio lugar a la creaci\u00f3n de la Columna Sindical, que obligaba a las empresas period\u00edsticas a otorgar a sus trabajadores un espacio similar al del editorial institucional, y del semanario sindical Prensa, que circul\u00f3 durante 19 semanas con gran \u00e9xito de circulaci\u00f3n.<\/p>\n\n\n\n<p>Parad\u00f3jicamente, el Gobierno clausur\u00f3 el semanario y envi\u00f3 a Soliz Rada a la c\u00e1rcel, en agosto de 1970, cuando Prensa denunci\u00f3 un inminente complot derechista para derrocar a Ovando.<\/p>\n\n\n\n<p>Soliz Rada se consideraba disc\u00edpulo de Sergio Almaraz, con quien colabor\u00f3 en la revista Clar\u00edn Internacional, y del argentino Jorge Abelardo Ramos, el creador de la corriente ideol\u00f3gica de \u00abizquierda nacional\u201d y autor de Historia de la naci\u00f3n latinoamericana &nbsp;y Ej\u00e9rcito y semicolonia.<\/p>\n\n\n\n<p>Estuvo exiliado en Argentina y M\u00e9xico. Tras la ca\u00edda del dictador Hugo Banzer Su\u00e1rez, retorn\u00f3 a Bolivia, donde se convirti\u00f3 en mentor e ide\u00f3logo del comunicador Carlos Palenque, con quien fund\u00f3 en 1989 el partido Conciencia de Patria (Condepa). Fue diputado y senador por esa organizaci\u00f3n. A la muerte de Palenque, en 1997, &nbsp;se apart\u00f3 de la pol\u00edtica activa.<\/p>\n\n\n\n<p>Aunque entend\u00eda el periodismo como parte de su militancia pol\u00edtica, tuvo una destacada carrera profesional. Fue miembro de la redacci\u00f3n del emblem\u00e1tico diario bonaerense La Opini\u00f3n y de la revista mexicana Tiempo. Asimismo, fue corresponsal de la Agencia France Presse (AFP) y de Le Monde de Par\u00eds. Es autor de La Caracterizaci\u00f3n de Bolivia y la Contradicci\u00f3n fundamental (1978), El Gas en el Destino nacional (1984), La Conciencia enclaustrada (1994), La Fortuna del Presidente (1997) y Jorge Abelardo Ramos y la Uni\u00f3n Sudamericana (2008).<\/p>\n\n\n\n<p>Como ide\u00f3logo y militante de la \u00abizquierda nacional\u201d, se jactaba de haber combatido a la \u00abizquierda cipaya\u201d, como denominaba a las diversas corrientes comunistas, al trotskismo, a la socialdemocracia, al foquismo guerrillero y al \u00abultra indigenismo\u201d.<\/p>\n\n\n\n<p>Pese a sus diferencias con el gobierno del MAS, nunca critic\u00f3 a Evo Morales, pero s\u00ed a su entorno. \u00abCuando era ministro, pretend\u00edan imponerme un comisario pol\u00edtico\u201d, confi\u00f3 a este cronista. En Controversias de la izquierda nacional, un libro que resume su lucha y legado pol\u00edtico, afirma que \u00abel c\u00edrculo palaciego que rodeaba a Evo\u201d le imped\u00eda nombrar a sus colaboradores de confianza, y que ese mismo \u00abn\u00facleo palaciego\u201d, al que no identifica, \u00ablamentaba que uno de sus integrantes no ocupara el Ministerio de Hidrocarburos\u201d, lo que le impidi\u00f3 mantener una \u00abfluida relaci\u00f3n\u201d con el mandatario.<\/p>\n\n\n\n<p><strong><em>P\u00e1gina Siete<\/em> &#8211; 24 de diciembre de 2016<\/strong><\/p>\n","protected":false},"excerpt":{"rendered":"<p>Al periodista, abogado y pol\u00edtico Andr\u00e9s Soliz Rada, mentor y gestor de la tercera nacionalizaci\u00f3n de los hidrocarburos en Bolivia (1 de mayo de 2006), le pas\u00f3 lo mismo que a Marcelo Quiroga Santa Cruz en 1970, obligado a renunciar tras haber sido desautorizado por el entonces presidente Alfredo Ovando Candia, quien hab\u00eda pactado una &hellip; <a href=\"https:\/\/desdeeltejado.com\/index.php\/2016\/12\/31\/andres-soliz-rada-defensor-de-los-recursos-naturales\/\" class=\"more-link\">Continuar leyendo <span class=\"screen-reader-text\">Andr\u00e9s Soliz Rada, defensor de los recursos naturales<\/span><\/a><\/p>\n","protected":false},"author":3,"featured_media":0,"comment_status":"open","ping_status":"open","sticky":false,"template":"","format":"standard","meta":{"_jetpack_memberships_contains_paid_content":false,"footnotes":""},"categories":[7],"tags":[],"class_list":["post-1356","post","type-post","status-publish","format-standard","hentry","category-semblanzas"],"jetpack_featured_media_url":"","jetpack_sharing_enabled":true,"_links":{"self":[{"href":"https:\/\/desdeeltejado.com\/index.php\/wp-json\/wp\/v2\/posts\/1356","targetHints":{"allow":["GET"]}}],"collection":[{"href":"https:\/\/desdeeltejado.com\/index.php\/wp-json\/wp\/v2\/posts"}],"about":[{"href":"https:\/\/desdeeltejado.com\/index.php\/wp-json\/wp\/v2\/types\/post"}],"author":[{"embeddable":true,"href":"https:\/\/desdeeltejado.com\/index.php\/wp-json\/wp\/v2\/users\/3"}],"replies":[{"embeddable":true,"href":"https:\/\/desdeeltejado.com\/index.php\/wp-json\/wp\/v2\/comments?post=1356"}],"version-history":[{"count":1,"href":"https:\/\/desdeeltejado.com\/index.php\/wp-json\/wp\/v2\/posts\/1356\/revisions"}],"predecessor-version":[{"id":1357,"href":"https:\/\/desdeeltejado.com\/index.php\/wp-json\/wp\/v2\/posts\/1356\/revisions\/1357"}],"wp:attachment":[{"href":"https:\/\/desdeeltejado.com\/index.php\/wp-json\/wp\/v2\/media?parent=1356"}],"wp:term":[{"taxonomy":"category","embeddable":true,"href":"https:\/\/desdeeltejado.com\/index.php\/wp-json\/wp\/v2\/categories?post=1356"},{"taxonomy":"post_tag","embeddable":true,"href":"https:\/\/desdeeltejado.com\/index.php\/wp-json\/wp\/v2\/tags?post=1356"}],"curies":[{"name":"wp","href":"https:\/\/api.w.org\/{rel}","templated":true}]}}