{"id":1354,"date":"2020-11-30T18:15:46","date_gmt":"2020-11-30T22:15:46","guid":{"rendered":"https:\/\/desdeeltejado.com\/?p=1354"},"modified":"2026-03-13T18:18:27","modified_gmt":"2026-03-13T22:18:27","slug":"gustavo-rodriguez-ostria","status":"publish","type":"post","link":"https:\/\/desdeeltejado.com\/index.php\/2020\/11\/30\/gustavo-rodriguez-ostria\/","title":{"rendered":"Gustavo Rodr\u00edguez Ostria"},"content":{"rendered":"\n<p>Con Gustavo Rodr\u00edguez Ostria me pas\u00f3 lo que suele pasar cuando suponemos que tenemos toda la vida por delante: \u00ab\u00a1Tenemos que tomar un caf\u00e9!\u00bb, \u00ab\u00a1Te busco cuando pase por Lima!\u00bb \u00ab\u00a1Ll\u00e1mame cuando pases por La Paz\u00bb!. Al final, ni lo uno ni lo otro.<\/p>\n\n\n\n<p>Lo conoc\u00ed en Cochabamba en una reuni\u00f3n de obras de la Compa\u00f1\u00eda de Jes\u00fas. \u00c9l dirig\u00eda la revista <em>Cuarto Intermedio<\/em> y yo asist\u00ed en representaci\u00f3n del Padre Jos\u00e9 Gramunt y de la Agencia Fides.<\/p>\n\n\n\n<p>Para entonces yo ya hab\u00eda le\u00eddo su monumental historia de la guerrilla de Teoponte, tan bien documentada y tan bien escrita.<\/p>\n\n\n\n<p>Posteriormente, en una encuesta realizada por el diario <em>Los Tiempos<\/em>, tuvo la generosidad de mencionar <em>La guerrilla que contamos<\/em>, el libro que escrib\u00ed con Jos\u00e9 Luis Alc\u00e1zar y Humberto Vacaflor, y <em>Che: Una cabalgara sin fin<\/em>, el que publicamos con los colegas de <em>P\u00e1gina Siete<\/em>, entre \u00ablos 10 libros imprescindibles\u00bb sobre la campa\u00f1a del Che Guevara en Bolivia.<\/p>\n\n\n\n<p>Tambi\u00e9n fue muy generoso al comentar un cuento que escrib\u00ed (\u00abEl espejo\u00bb) sobre la agon\u00eda del Che: \u00abLindo y estremecedor relato, del final al principio. La ficci\u00f3n permite una libertad que el historiador no dispone\u00bb, escribi\u00f3 entonces.<\/p>\n\n\n\n<p>Intercambiamos algunos mensajes a prop\u00f3sito del libro que estaba escribiendo sobre el Che. Me dijo que su intenci\u00f3n era publicarlo en 2017, con motivo del cincuentenario su muerte, pero que a medida que avanzaba encontraba nuevos datos y nuevos hilos que manten\u00edan abierta su investigaci\u00f3n. Por eso me alegr\u00f3 saber \u2013por Juan Ignacio Siles y la Editorial Plural\u2013 que su libro est\u00e1 en imprenta y que pronto ver\u00e1 la luz. No tengo ninguna duda de que ser\u00e1 otra obra monumental.<\/p>\n\n\n\n<p>Gustavo nunca ocult\u00f3 su admiraci\u00f3n por el Che. En su breve comentario sobre mi cuento, en el que imagino la agon\u00eda de un hombre, no del mito, me record\u00f3: \u00abHay, sin embargo, fuentes documentales y testimoniales, para sostener que el Che vivi\u00f3 sus \u00faltimas horas, desafiante y sin renunciar a su proyecto guerrillero: Yo soy\u00bb.<\/p>\n\n\n\n<p>El legado de Gustavo es enorme. Descanse en paz.<\/p>\n\n\n\n<p><strong>La Paz, 16 de noviembre de 2020.<\/strong><\/p>\n","protected":false},"excerpt":{"rendered":"<p>Con Gustavo Rodr\u00edguez Ostria me pas\u00f3 lo que suele pasar cuando suponemos que tenemos toda la vida por delante: \u00ab\u00a1Tenemos que tomar un caf\u00e9!\u00bb, \u00ab\u00a1Te busco cuando pase por Lima!\u00bb \u00ab\u00a1Ll\u00e1mame cuando pases por La Paz\u00bb!. Al final, ni lo uno ni lo otro. Lo conoc\u00ed en Cochabamba en una reuni\u00f3n de obras de la &hellip; <a href=\"https:\/\/desdeeltejado.com\/index.php\/2020\/11\/30\/gustavo-rodriguez-ostria\/\" class=\"more-link\">Continuar leyendo <span class=\"screen-reader-text\">Gustavo Rodr\u00edguez Ostria<\/span><\/a><\/p>\n","protected":false},"author":3,"featured_media":0,"comment_status":"open","ping_status":"open","sticky":false,"template":"","format":"standard","meta":{"_jetpack_memberships_contains_paid_content":false,"footnotes":""},"categories":[7],"tags":[],"class_list":["post-1354","post","type-post","status-publish","format-standard","hentry","category-semblanzas"],"jetpack_featured_media_url":"","jetpack_sharing_enabled":true,"_links":{"self":[{"href":"https:\/\/desdeeltejado.com\/index.php\/wp-json\/wp\/v2\/posts\/1354","targetHints":{"allow":["GET"]}}],"collection":[{"href":"https:\/\/desdeeltejado.com\/index.php\/wp-json\/wp\/v2\/posts"}],"about":[{"href":"https:\/\/desdeeltejado.com\/index.php\/wp-json\/wp\/v2\/types\/post"}],"author":[{"embeddable":true,"href":"https:\/\/desdeeltejado.com\/index.php\/wp-json\/wp\/v2\/users\/3"}],"replies":[{"embeddable":true,"href":"https:\/\/desdeeltejado.com\/index.php\/wp-json\/wp\/v2\/comments?post=1354"}],"version-history":[{"count":1,"href":"https:\/\/desdeeltejado.com\/index.php\/wp-json\/wp\/v2\/posts\/1354\/revisions"}],"predecessor-version":[{"id":1355,"href":"https:\/\/desdeeltejado.com\/index.php\/wp-json\/wp\/v2\/posts\/1354\/revisions\/1355"}],"wp:attachment":[{"href":"https:\/\/desdeeltejado.com\/index.php\/wp-json\/wp\/v2\/media?parent=1354"}],"wp:term":[{"taxonomy":"category","embeddable":true,"href":"https:\/\/desdeeltejado.com\/index.php\/wp-json\/wp\/v2\/categories?post=1354"},{"taxonomy":"post_tag","embeddable":true,"href":"https:\/\/desdeeltejado.com\/index.php\/wp-json\/wp\/v2\/tags?post=1354"}],"curies":[{"name":"wp","href":"https:\/\/api.w.org\/{rel}","templated":true}]}}