{"id":1352,"date":"2015-12-31T18:10:00","date_gmt":"2015-12-31T22:10:00","guid":{"rendered":"https:\/\/desdeeltejado.com\/?p=1352"},"modified":"2026-03-13T18:13:17","modified_gmt":"2026-03-13T22:13:17","slug":"francisco-un-renovador-latinoamericano-en-roma-2","status":"publish","type":"post","link":"https:\/\/desdeeltejado.com\/index.php\/2015\/12\/31\/francisco-un-renovador-latinoamericano-en-roma-2\/","title":{"rendered":"Francisco, un renovador latinoamericano en Roma"},"content":{"rendered":"\n<p>La sorpresa fue may\u00fascula. Por ser argentino, por ser jesuita y porque no figuraba en la lista de \u00abpapabilis\u00bb. Nunca, como ahora, se hab\u00eda cumplido el viejo dicho que repiten los vaticanistas en v\u00edsperas de cada c\u00f3nclave, el rito que celebra el Colegio Cardenalicio desde hace casi 800 a\u00f1os para elegir al sucesor de Pedro: \u00abEl que entra como Papa, sale como cardenal\u00bb. Al humo blanco, sigui\u00f3 el \u00a1Habemus Papam! y, acto seguido, la buena nueva: Jorge Mario Bergoglio, \u00a1argentino! Era la noticia esperada desde hace dos milenios por millones de cat\u00f3licos latinoamericanos.<\/p>\n\n\n\n<p>A la sorpresa inicial, expresada en segundos de silencio, sigui\u00f3 el estallido de j\u00fabilo y el agitar de banderas entre los miles de fieles que se congregaron en la Plaza de San Pedro, mientras las cadenas de radio y televisi\u00f3n y los medios digitales difund\u00edan la noticia por todo el mundo, resumida en dos palabras: \u00a1Argentino y jesuita!.<\/p>\n\n\n\n<p>La inesperada renuncia de Benedicto XVI tuvo un resultado tambi\u00e9n \u00abimprevisto\u00bb: la elecci\u00f3n en tiempo r\u00e9cord de su sucesor (en la quinta votaci\u00f3n) y el desplazamiento del \u00abcentro de gravedad\u00bb del papado desde Europa hacia Am\u00e9rica, donde reside casi el 50 por ciento de la grey cat\u00f3lica. Como apunt\u00f3 el diario <em>El Pa\u00eds<\/em> (Madrid), era \u00abla primera vez en la historia de esta milenaria instituci\u00f3n que se elige a un papa jesuita, con lo que eso supone de solidez y seriedad a priori, y un papa no europeo en m\u00e1s de mil a\u00f1os; y esta elecci\u00f3n recae adem\u00e1s en un pont\u00edfice cuya lengua materna, el espa\u00f1ol, es el primer idioma de esta religi\u00f3n global\u00bb.<\/p>\n\n\n\n<p>\u00ab\u00bfQuo nomine vis vocari?\u00bb (\u00bfCon que nombre quieres ser llamado?), es la pregunta que le hizo el cardenal Giovanni Battista, en nombre todos los cardenales electores. Bergoglio contest\u00f3: \u00abVocabor Franciscus\u00bb (Me llamar\u00e9 Francisco). Por primera vez en la historia de la Iglesia Cat\u00f3lica, el heredero de Pedro asum\u00eda el nombre de Francisco.<\/p>\n\n\n\n<p>\u00bfPor qu\u00e9 Francisco? Bergoglio no dijo de inmediato por qu\u00e9 eligi\u00f3 este nombre, pero la mayor\u00eda de los vaticanistas, medios de comunicaci\u00f3n y allegados al nuevo pont\u00edfice dieron por hecho que lo hab\u00eda adoptado en homenaje al santo m\u00e1s c\u00e9lebre de la Iglesia, San Francisco de As\u00eds, cuya imagen nos remite a la predicaci\u00f3n de la pobreza y la austeridad.<\/p>\n\n\n\n<p>Pudo tambi\u00e9n haber evocado a otros santos jesuitas, como Francisco Javier, estrecho colaborador del fundador de la Compa\u00f1\u00eda de Jes\u00fas, San Ignacio de Loyola, o Francisco de Borja, tercer General de los jesuitas, pero seg\u00fan sus allegados el nuevo Papa siempre se sinti\u00f3 marcado por la vida austera del santo de As\u00eds, algo que se hab\u00eda reflejado en sus palabras y propuestas de lucha contra la pobreza.<\/p>\n\n\n\n<p>\u00abEscoger Francisco como nombre es escoger un programa de amor a los pobres, a la naturaleza, a la sobriedad compartida, a la ecolog\u00eda, porque los seres humanos somos hermanos\u00bb, dijo Leonardo Boff, uno de los fundadores de la Teolog\u00eda de la Liberaci\u00f3n, en su primera reacci\u00f3n sobre la elecci\u00f3n del nuevo Papa. \u00abFrancisco no es un nombre. Es uno de los arquetipos m\u00e1s poderosos del cristianismo. \u00c9l fue el primero despu\u00e9s del \u00danico\u00bb, agreg\u00f3.<\/p>\n\n\n\n<p>Pero, adem\u00e1s, Jorge Mario Bergoglio, como persona y religioso, ten\u00eda fama de hombre austero. A pesar de la dignidad que ostentaba como arzobispo de Buenos Aires y cardenal primado de Argentina, se transportaba en metro para llegar a la catedral metropolitana bonaerense y viv\u00eda en una habitaci\u00f3n de la segunda planta de un anexo a la catedral. Cuando fue creado cardenal en 2001, no pidi\u00f3 vestimentas nuevas, sino que encarg\u00f3 que le arreglaran lo que se pudiera aprovechar de su antecesor. Fiel a esta sencillez, en su primera aparici\u00f3n p\u00fablica como Papa, utiliz\u00f3 solamente la sotana blanca, sin los otros revestimientos propios de su nueva dignidad.<\/p>\n\n\n\n<p>\u00abNo es descartable que sorprenda alguna vez a sus asistentes personales \u2013la conocida como familia pontificia\u2013, cocinando. Entre otras cosas, el Colegio Cardenalicio ha elegido a un papa que se hace la comida. M\u00e1s dif\u00edcil lo tendr\u00e1 ahora para caminar esquivando viandantes, como sol\u00eda hacer hasta hace diez d\u00edas por las calles de Buenos Aires. Y presenciar en directo los partidos de su equipo: el San Lorenzo de Almagro\u00bb, escribi\u00f3 el periodista Jorge Marirrodriga.<\/p>\n\n\n\n<p>A Bergoglio se lo pod\u00eda ver celebrando misas con \u00abcartoneros\u00bb, como se conoce en Argentina a las personas que buscan cartones, metales y botellas en la basura para revenderlos, y atendiendo a sus feligreses en la catedral metropolitana, un lugar que hab\u00eda convertido en una iglesia abierta durante todo el d\u00eda, en cuyas dependencias se realizan actividades de ayuda social. Una muestra de su talante.<\/p>\n\n\n\n<p>Bergoglio naci\u00f3 el 17 de diciembre de 1936. Hijo de inmigrantes italianos, su padre era empleado ferroviario y ella ama de casa. Fue a la escuela p\u00fablica. Se gradu\u00f3 como t\u00e9cnico qu\u00edmico y como tal trabaj\u00f3 hasta que a los 21 a\u00f1os. En 1957, decidi\u00f3 entrar al seminario jesuita. Estudi\u00f3 Humanidades en Chile y obtuvo la licenciatura en Filosof\u00eda en el Colegio M\u00e1ximo San Jos\u00e9 de Buenos Aires, de los jesuitas. Entre 1964 y 1966 fue profesor de Literatura y Psicolog\u00eda, primero en un colegio de Santa Fe y despu\u00e9s en Buenos Aires. De 1967 a 1970 curs\u00f3 Teolog\u00eda en el Colegio M\u00e1ximo. En 1969, a los 33 a\u00f1os, se orden\u00f3 sacerdote. Poco despu\u00e9s comenz\u00f3 una r\u00e1pida carrera en la Compa\u00f1\u00eda de Jes\u00fas. Con solo 37 a\u00f1os lleg\u00f3 a ser el Provincial de los jesuitas de su pa\u00eds.<\/p>\n\n\n\n<p>En 1992 fue nombrado obispo auxiliar de Buenos Aires y en 1998 se convirti\u00f3 en el jefe de la Iglesia de su ciudad, una de las m\u00e1s pobladas del mundo. En 2001 Juan Pablo II lo nombr\u00f3 cardenal. Despu\u00e9s lleg\u00f3 a presidente de la Conferencia Episcopal Argentina.<\/p>\n\n\n\n<p>El primer papa latinoamericano siempre se ha mantenido fiel a la doctrina cat\u00f3lica. \u00abNo proviene de las corrientes progresistas ni de la Teolog\u00eda de la Liberaci\u00f3n\u00bb, escribi\u00f3 uno de sus bi\u00f3grafos. \u00abNo obstante, lejos est\u00e1 de representar el ala m\u00e1s conservadora de la Iglesia cat\u00f3lica (\u2026). Tambi\u00e9n se ha distinguido por permitir que los curas m\u00e1s progresistas de su di\u00f3cesis se desempe\u00f1aran con bastante libertad\u00bb, agreg\u00f3.<\/p>\n\n\n\n<p>Austero y reservado, poco afecto a la exposici\u00f3n medi\u00e1tica, Bergoglio se distingui\u00f3 por su adhesi\u00f3n a la opci\u00f3n preferencial por los pobres y por las homil\u00edas en las que denunci\u00f3 la pobreza, la corrupci\u00f3n, la explotaci\u00f3n de los inmigrantes en talleres clandestinos (entre ellos miles de bolivianos), la inseguridad y la crispaci\u00f3n pol\u00edtica, con palabras que causaban irritaci\u00f3n en los c\u00edrculos del poder.<\/p>\n\n\n\n<p>\u00abLa esclavitud no est\u00e1 abolida. En esta ciudad est\u00e1 a la orden del d\u00eda\u00bb, declar\u00f3 en Buenos Aires. \u00abEn esta ciudad se explota a trabajadores en talleres clandestinos, y si son emigrantes se les priva de la posibilidad de salir de ah\u00ed. En esta ciudad hay chicos en situaci\u00f3n de calle, desde hace a\u00f1os. Hay muchos y esta ciudad fracas\u00f3 y sigue fracasando en librarnos de esa esclavitud estructural que es la situaci\u00f3n de calle. (&#8230;) Se somete a mujeres y a chicas al uso y al abuso de su cuerpo\u00bb, afirm\u00f3 en otra ocasi\u00f3n.<\/p>\n\n\n\n<p>Un a\u00f1o antes de su elecci\u00f3n llam\u00f3 a los argentinos a \u00abindignarse contra la injusticia de que el pan y el trabajo no lleguen a todos\u00bb, y en muchas ocasiones se refiri\u00f3 a lo que denomin\u00f3 la \u00abinmoral, injusta e ileg\u00edtima deuda social\u00bb. Asimismo, afirm\u00f3 que \u201clos derechos humanos se violan no s\u00f3lo por el terrorismo, la represi\u00f3n, los asesinatos&#8230; sino tambi\u00e9n por la existencia de condiciones de extrema pobreza y estructuras econ\u00f3micas injustas que originan las grandes desigualdades\u00bb.<\/p>\n\n\n\n<p>Predic\u00f3 contra la violencia y las drogas. \u00abEl atajo f\u00e1cil, el alcohol, la droga&#8230; eso es tiniebla (&#8230;) No tenemos idea de lo grave que es esta propuesta tenebrosa, esta corrupci\u00f3n que llega incluso a repartirse en las esquinas de las escuelas\u00bb. \u00abTenemos que defender la cr\u00eda y a veces este mundo de las tinieblas nos hace olvidar de ese instinto de defender la cr\u00eda\u00bb, afirm\u00f3 en una de sus homil\u00edas.<\/p>\n\n\n\n<p>En una declaraci\u00f3n a la BBC de Londres, el activista de los derechos humanos argentino Adolfo P\u00e9rez Esquivel, Premio Nobel de la Paz, sali\u00f3 en defensa de Bergoglio ante las acusaciones formuladas por algunos periodistas sobre la supuesta complicidad de Bergoglio con la dictadura argentina. \u00abNo hay ning\u00fan v\u00ednculo que lo relacione con la dictadura\u00bb, afirm\u00f3. \u00abHubo obispos que fueron c\u00f3mplices de la dictadura, pero Bergoglio no\u00bb, subray\u00f3.<\/p>\n\n\n\n<p>La elecci\u00f3n de un cardenal jesuita latinoamericano fue interpretada por medios internacionales que siguen de cerca la problem\u00e1tica religiosa, como <em>El Pa\u00eds<\/em> de Madrid, como \u00abel mensaje de renovaci\u00f3n que tantos esperan para la Iglesia cat\u00f3lica\u00bb, ante la \u00abfuerza innovadora\u00bb de la curia americana, que \u00abha reclamado protagonismo y aboga por la apertura hacia nuevos planteamientos\u00bb, y la presencia del catolicismo latinoamericano.<\/p>\n\n\n\n<p>Y fue as\u00ed. En los 33 meses de pontificado, dio claras se\u00f1ales de su esp\u00edritu renovador.<\/p>\n\n\n\n<p><strong><em>P\u00e1gina Siete<\/em> \u2013 Anuario 2015 \u2013 20 de diciembre de 2015.<\/strong><\/p>\n","protected":false},"excerpt":{"rendered":"<p>La sorpresa fue may\u00fascula. Por ser argentino, por ser jesuita y porque no figuraba en la lista de \u00abpapabilis\u00bb. Nunca, como ahora, se hab\u00eda cumplido el viejo dicho que repiten los vaticanistas en v\u00edsperas de cada c\u00f3nclave, el rito que celebra el Colegio Cardenalicio desde hace casi 800 a\u00f1os para elegir al sucesor de Pedro: &hellip; <a href=\"https:\/\/desdeeltejado.com\/index.php\/2015\/12\/31\/francisco-un-renovador-latinoamericano-en-roma-2\/\" class=\"more-link\">Continuar leyendo <span class=\"screen-reader-text\">Francisco, un renovador latinoamericano en Roma<\/span><\/a><\/p>\n","protected":false},"author":3,"featured_media":0,"comment_status":"open","ping_status":"open","sticky":false,"template":"","format":"standard","meta":{"_jetpack_memberships_contains_paid_content":false,"footnotes":""},"categories":[7],"tags":[],"class_list":["post-1352","post","type-post","status-publish","format-standard","hentry","category-semblanzas"],"jetpack_featured_media_url":"","jetpack_sharing_enabled":true,"_links":{"self":[{"href":"https:\/\/desdeeltejado.com\/index.php\/wp-json\/wp\/v2\/posts\/1352","targetHints":{"allow":["GET"]}}],"collection":[{"href":"https:\/\/desdeeltejado.com\/index.php\/wp-json\/wp\/v2\/posts"}],"about":[{"href":"https:\/\/desdeeltejado.com\/index.php\/wp-json\/wp\/v2\/types\/post"}],"author":[{"embeddable":true,"href":"https:\/\/desdeeltejado.com\/index.php\/wp-json\/wp\/v2\/users\/3"}],"replies":[{"embeddable":true,"href":"https:\/\/desdeeltejado.com\/index.php\/wp-json\/wp\/v2\/comments?post=1352"}],"version-history":[{"count":1,"href":"https:\/\/desdeeltejado.com\/index.php\/wp-json\/wp\/v2\/posts\/1352\/revisions"}],"predecessor-version":[{"id":1353,"href":"https:\/\/desdeeltejado.com\/index.php\/wp-json\/wp\/v2\/posts\/1352\/revisions\/1353"}],"wp:attachment":[{"href":"https:\/\/desdeeltejado.com\/index.php\/wp-json\/wp\/v2\/media?parent=1352"}],"wp:term":[{"taxonomy":"category","embeddable":true,"href":"https:\/\/desdeeltejado.com\/index.php\/wp-json\/wp\/v2\/categories?post=1352"},{"taxonomy":"post_tag","embeddable":true,"href":"https:\/\/desdeeltejado.com\/index.php\/wp-json\/wp\/v2\/tags?post=1352"}],"curies":[{"name":"wp","href":"https:\/\/api.w.org\/{rel}","templated":true}]}}