{"id":1349,"date":"2016-12-31T18:03:52","date_gmt":"2016-12-31T22:03:52","guid":{"rendered":"https:\/\/desdeeltejado.com\/?p=1349"},"modified":"2026-03-13T18:06:23","modified_gmt":"2026-03-13T22:06:23","slug":"ali-una-leyenda-del-boxeo-2","status":"publish","type":"post","link":"https:\/\/desdeeltejado.com\/index.php\/2016\/12\/31\/ali-una-leyenda-del-boxeo-2\/","title":{"rendered":"Ali, una leyenda del boxeo"},"content":{"rendered":"\n<p>El entonces presidente del Consejo Mundial de Boxeo (CMB), Jos\u00e9 Sulaim\u00e1n, lo present\u00f3 como \u00abel n\u00famero uno, el m\u00e1s grande de todos los tiempos\u201d, pero la figura que compareci\u00f3 ese d\u00eda en el auditorio repleto de p\u00fagiles y dirigentes de los cuatro continentes era la de un hombre enfermo y acabado.<\/p>\n\n\n\n<p>Con las manos temblorosas a causa del mal de Parkinson, la voz apenas audible y un andar de viejito achacoso, Muhammad Al\u00ed, \u00abAl\u00ed el Boc\u00f3n\u201d, el gran Cassius Clay, era apenas una sombra del campe\u00f3n invencible, el incorregible fanfarr\u00f3n, pese a que entonces ten\u00eda apenas 45 a\u00f1os. \u00bfSigue siendo el m\u00e1s grande?, le pregunt\u00f3 el autor de esta cr\u00f3nica. \u00abHace tiempo que no digo eso\u201d, respondi\u00f3.<\/p>\n\n\n\n<p>Al\u00ed asist\u00eda en Coyococ, a 60 kil\u00f3metros al sureste de la capital mexicana, a un simposio sobre protecci\u00f3n m\u00e9dica para boxeadores, organizado por el CMB, con la participaci\u00f3n de especialistas de varios pa\u00edses. \u00abEl boxeador nunca piensa en los asuntos m\u00e9dicos. Ojal\u00e1 que esta preocupaci\u00f3n, la de hacer un simposio m\u00e9dico, la hubiera tenido antes\u201d, declar\u00f3 el excampe\u00f3n, quien desde algunos a\u00f1os atr\u00e1s hab\u00eda empezado a sufrir las consecuencias de los golpes que recibi\u00f3 a lo largo de su espectacular carrera deportiva.<\/p>\n\n\n\n<p>Con voz cansada y una sonrisa que apenas romp\u00eda la rigidez de su rostro, dijo: \u00abNo soy el m\u00e1s grande, ni nunca lo he sido. El \u00fanico grande es Dios. Cierto que muchas veces dije eso, que era el m\u00e1s grande, pero s\u00f3lo era para vender entradas en mis peleas y hacerlas interesantes\u201d.<\/p>\n\n\n\n<p>Para entonces ya estaba retirado. A\u00f1os antes, en su \u00faltimo combate, el 11 de diciembre de 1981, hab\u00eda sido humillado por un desconocido, Trevor Berbick, de 27 a\u00f1os, quien cobr\u00f3 250.000 d\u00f3lares para vapulear a quien hab\u00eda sido su \u00eddolo e inspiraci\u00f3n. La prensa especul\u00f3 que Al\u00ed hab\u00eda aceptado el combate por problemas econ\u00f3micos. Todo el mundo se hab\u00eda percatado de la dificultad que ten\u00eda para hablar, aparente s\u00edntoma del da\u00f1o cerebral, al punto de que las autoridades del boxeo estadounidense se negaron a autorizar la pelea &nbsp;y el combate tuvo que realizarse en la capital de Bahamas, Nassau.<\/p>\n\n\n\n<p>Nacido en Louisville, Kentucky, 17 de enero de 1942, Cassius Marcellus Clay Jr, nombre con el que fue bautizado, muri\u00f3 en Scottsdale, Arizona, el 3 de junio de 2016, aquejado por mal de Parkinson.<\/p>\n\n\n\n<p>Era considerado el mejor boxeador estadounidense de todos los tiempos y una figura de enorme influencia en la lucha contra la segregaci\u00f3n racial en la d\u00e9cada de los 60. Convertido al Islam, durante la guerra de Vietnam se opuso al reclutamiento militar y se declar\u00f3 objetor de conciencia.<\/p>\n\n\n\n<p>Es conocida su respuesta al periodista que le critic\u00f3 por negarse a defender la bandera de las barras y las estrellas. \u00abNo tengo problemas con los Viet Cong, porque ning\u00fan Viet Cong me ha llamado nigger (negro)\u201d, le dijo, aunque tambi\u00e9n defendi\u00f3 a Estados Unidos: \u00abEs todav\u00eda el mejor pa\u00eds del mundo\u201d.<\/p>\n\n\n\n<p>Campe\u00f3n ol\u00edmpico en Roma 60 tras una exitosa campa\u00f1a amateur, Al\u00ed se convirti\u00f3 en mito con su victoria sobre George Foreman, el 30 de octubre de 1974 en Kinshasa, donde era adorado como un dios. Al\u00ed noque\u00f3 a Foreman en el octavo asalto, ante una multitud de 60.000 espectadores que lo alentaban al grito de \u00ab\u00a1Al\u00ed, m\u00e1talo!\u201d.<\/p>\n\n\n\n<p>Para entonces ya hab\u00eda vencido a boxeadores de la talla de Sonny Liston, Floyd Patersson, &nbsp;Joe Frazier y Ken Norton. Como profesional tuvo un r\u00e9cord de 56 victorias (37 por nocaut y 19 por decisi\u00f3n) y s\u00f3lo cinco derrotas (cuatro &nbsp;por decisi\u00f3n y una por nocaut t\u00e9cnico). Fue campe\u00f3n mundial de los pesos pesados entre 1964-1971, 1974-1978, y 1978-1980. Cuando muri\u00f3, llevaba 35 a\u00f1os alejado de los cuadril\u00e1teros, pero manten\u00eda la fama intacta.&nbsp;<\/p>\n\n\n\n<p>Obtuvo el Premio Martin Luther King (1970) y la Medalla Presidencial de la Libertad (2005); fue proclamado \u00abRey del Boxeo\u201d por el Consejo Mundial del Boxeo (2012) y Deportista del Siglo XX por la revista Sports Illustrated. La revista Time lo eligi\u00f3 como uno de los 20 personajes m\u00e1s influyentes de los Estados Unidos en el siglo XX. Bill Clinton, quien asisti\u00f3 a su sepelio, lo defini\u00f3 como un \u00abverdadero hombre libre y de fe\u201d.<\/p>\n\n\n\n<p>Durante la breve entrevista en Cocoyoc, confes\u00f3: \u00abCreo que el m\u00e1s grande ha sido Sugar Ray Robinson. Siempre fue mi \u00eddolo\u201d. \u00bfY Mike Tyson? &nbsp;\u00abEs un peleador fuerte, que pega duro, pero si se hubiese enfrentado conmigo, sin duda lo hubiera derrotado r\u00e1pidamente. No sabe boxear\u201d, &nbsp;subray\u00f3, recuperando el tono presumido de siempre. \u00abEn la actualidad no hay buenos pesos completos, porque yo acab\u00e9 con todos. Ahora es dif\u00edcil encontrarlos\u201d, afirm\u00f3, casi deletreando las palabras.<\/p>\n\n\n\n<p>Genio y figura: fanfarr\u00f3n, incluso en la enfermedad.<\/p>\n\n\n\n<p><strong><em>P\u00e1gina Siete<\/em> &#8211; 24 de diciembre de 2016.<\/strong><\/p>\n","protected":false},"excerpt":{"rendered":"<p>El entonces presidente del Consejo Mundial de Boxeo (CMB), Jos\u00e9 Sulaim\u00e1n, lo present\u00f3 como \u00abel n\u00famero uno, el m\u00e1s grande de todos los tiempos\u201d, pero la figura que compareci\u00f3 ese d\u00eda en el auditorio repleto de p\u00fagiles y dirigentes de los cuatro continentes era la de un hombre enfermo y acabado. Con las manos temblorosas &hellip; <a href=\"https:\/\/desdeeltejado.com\/index.php\/2016\/12\/31\/ali-una-leyenda-del-boxeo-2\/\" class=\"more-link\">Continuar leyendo <span class=\"screen-reader-text\">Ali, una leyenda del boxeo<\/span><\/a><\/p>\n","protected":false},"author":3,"featured_media":0,"comment_status":"open","ping_status":"open","sticky":false,"template":"","format":"standard","meta":{"_jetpack_memberships_contains_paid_content":false,"footnotes":""},"categories":[7],"tags":[],"class_list":["post-1349","post","type-post","status-publish","format-standard","hentry","category-semblanzas"],"jetpack_featured_media_url":"","jetpack_sharing_enabled":true,"_links":{"self":[{"href":"https:\/\/desdeeltejado.com\/index.php\/wp-json\/wp\/v2\/posts\/1349","targetHints":{"allow":["GET"]}}],"collection":[{"href":"https:\/\/desdeeltejado.com\/index.php\/wp-json\/wp\/v2\/posts"}],"about":[{"href":"https:\/\/desdeeltejado.com\/index.php\/wp-json\/wp\/v2\/types\/post"}],"author":[{"embeddable":true,"href":"https:\/\/desdeeltejado.com\/index.php\/wp-json\/wp\/v2\/users\/3"}],"replies":[{"embeddable":true,"href":"https:\/\/desdeeltejado.com\/index.php\/wp-json\/wp\/v2\/comments?post=1349"}],"version-history":[{"count":1,"href":"https:\/\/desdeeltejado.com\/index.php\/wp-json\/wp\/v2\/posts\/1349\/revisions"}],"predecessor-version":[{"id":1350,"href":"https:\/\/desdeeltejado.com\/index.php\/wp-json\/wp\/v2\/posts\/1349\/revisions\/1350"}],"wp:attachment":[{"href":"https:\/\/desdeeltejado.com\/index.php\/wp-json\/wp\/v2\/media?parent=1349"}],"wp:term":[{"taxonomy":"category","embeddable":true,"href":"https:\/\/desdeeltejado.com\/index.php\/wp-json\/wp\/v2\/categories?post=1349"},{"taxonomy":"post_tag","embeddable":true,"href":"https:\/\/desdeeltejado.com\/index.php\/wp-json\/wp\/v2\/tags?post=1349"}],"curies":[{"name":"wp","href":"https:\/\/api.w.org\/{rel}","templated":true}]}}