{"id":1345,"date":"2021-11-30T17:40:27","date_gmt":"2021-11-30T21:40:27","guid":{"rendered":"https:\/\/desdeeltejado.com\/?p=1345"},"modified":"2026-03-13T17:45:46","modified_gmt":"2026-03-13T21:45:46","slug":"guillermo-cespedes-rivera-de-corresponsal-de-guerra-a-docente-universitario","status":"publish","type":"post","link":"https:\/\/desdeeltejado.com\/index.php\/2021\/11\/30\/guillermo-cespedes-rivera-de-corresponsal-de-guerra-a-docente-universitario\/","title":{"rendered":"Guillermo C\u00e9spedes Rivera, de corresponsal de guerra a docente universitario*"},"content":{"rendered":"\n<p>Gan\u00f3 fama como corresponsal de guerra del diario <em>La Raz\u00f3n<\/em> durante la campa\u00f1a del Chaco, uno de los pocos periodistas de su \u00e9poca que acompa\u00f1\u00f3 a las tropas combatientes y narr\u00f3 sus combates desde los frentes de batalla. Formado en las \u00fanicas escuelas de periodismo de su tiempo, las redacciones de los peri\u00f3dicos, Guillermo C\u00e9spedes Rivera fue el primer director de la Carrera de Medios de Comunicaci\u00f3n, institucionalizada en 1971, a la que quiso dar un perfil netamente period\u00edstico. &nbsp;&nbsp;<br><br>Desarroll\u00f3 su labor profesional en el diario fundado por el minero Carlos V\u00edctor Aramayo, <em>La Raz\u00f3n<\/em>, con periodistas de la talla de David Alv\u00e9stegui y Gustavo Otero. Tras el triunfo de la revoluci\u00f3n del 9 de abril y la toma del peri\u00f3dico por los revolucionarios, sufri\u00f3 un exilio de 12 a\u00f1os, tiempo en el cual escribi\u00f3 para diversos diarios latinoamericanos.<\/p>\n\n\n\n<p>Asumi\u00f3 la direcci\u00f3n de <em>El Diario<\/em> de La Paz en 1971, el mismo a\u00f1o que el rector de la Universidad Cat\u00f3lica Bolivia, monse\u00f1or Genaro Prata,&nbsp; le encomend\u00f3 continuar la obra que iniciaron Humberto Palza Soliz y Luis Espinal con el Instituto Superior de Ciencias y T\u00e9cnicas de la Opini\u00f3n P\u00fablica dos a\u00f1os antes, pero ahora como Carrera de Medios de Comunicaci\u00f3n.<\/p>\n\n\n\n<p>Para entonces era un periodista reconocido no solo por su cobertura del conflicto b\u00e9lico del Chaco, sino tambi\u00e9n por su trabajo fuera de Bolivia como columnista y docente universitario.<\/p>\n\n\n\n<p>En 1964 public\u00f3 en la Universidad de Zulia, Venezuela, el libro <em>Opiniones y Noticias: Apuntes de periodismo<\/em>, un manual para columnistas y reporteros. Dos a\u00f1os despu\u00e9s, por encargo de la Editorial Trillas de M\u00e9xico, hizo la adaptaci\u00f3n para Am\u00e9rica Latina del libro <em>El reportero profesional<\/em>, de Stanley Johnson y Juli\u00e1n Harris, \u201cun tratado general sobre periodismo\u201d con las primeras lecciones sobre la redacci\u00f3n de noticias que lleg\u00f3 a las universidades de la regi\u00f3n.<\/p>\n\n\n\n<p>Ejerci\u00f3 tambi\u00e9n varios cargos en la Canciller\u00eda, pero su labor estuvo centrada principalmente en el periodismo y la docencia.<\/p>\n\n\n\n<p>El periodista e historiador Ricardo Sanjin\u00e9s \u00c1vila, quien trabaj\u00f3 bajo su direcci\u00f3n en El Diario, lo recuerda como \u201cun caballero alto y bien trajeado, de hablar reposado, exigente con las fuentes y redacci\u00f3n precisa, sin vueltas\u201d, un periodista \u201ccomprometido con la libertad, coherente con sus convicciones y sobre todo un hombre bueno\u201d.<\/p>\n\n\n\n<p>\u201cDon Jimmy\u201d, como era conocido entre sus colegas y alumnos, dej\u00f3 un libro in\u00e9dito, Mortajas de caqui, un libro que, seg\u00fan Sanjin\u00e9s \u00c1vila, que tuvo acceso a su contenido, \u201crelata sus experiencias en el frente, el espionaje y las batallas diplom\u00e1ticas en Buenos Aires\u201d. C\u00e9spedes Rivera cubri\u00f3 el conflicto desde los principales escenarios de la guerra, recre\u00f3 en sus cr\u00f3nicas las haza\u00f1as de sus h\u00e9roes y entrevist\u00f3 a los l\u00edderes pol\u00edticos y militares de la \u00e9poca.<\/p>\n\n\n\n<p>C\u00e9spedes Rivera dirigi\u00f3 la carrera entre 1971 y 1978, aunque la universidad estuvo cerrada dos a\u00f1os a causa del golpe militar de Hugo Banzer Su\u00e1rez y se reabri\u00f3 en 1973. Fue docente de Redacci\u00f3n de noticias.<\/p>\n\n\n\n<p><strong>*Texto publicado en el libro <em>Poner en com\u00fan<\/em>. La Paz, noviembre de 2021.<\/strong><\/p>\n","protected":false},"excerpt":{"rendered":"<p>Gan\u00f3 fama como corresponsal de guerra del diario La Raz\u00f3n durante la campa\u00f1a del Chaco, uno de los pocos periodistas de su \u00e9poca que acompa\u00f1\u00f3 a las tropas combatientes y narr\u00f3 sus combates desde los frentes de batalla. Formado en las \u00fanicas escuelas de periodismo de su tiempo, las redacciones de los peri\u00f3dicos, Guillermo C\u00e9spedes &hellip; <a href=\"https:\/\/desdeeltejado.com\/index.php\/2021\/11\/30\/guillermo-cespedes-rivera-de-corresponsal-de-guerra-a-docente-universitario\/\" class=\"more-link\">Continuar leyendo <span class=\"screen-reader-text\">Guillermo C\u00e9spedes Rivera, de corresponsal de guerra a docente universitario*<\/span><\/a><\/p>\n","protected":false},"author":3,"featured_media":0,"comment_status":"open","ping_status":"open","sticky":false,"template":"","format":"standard","meta":{"_jetpack_memberships_contains_paid_content":false,"footnotes":""},"categories":[7],"tags":[],"class_list":["post-1345","post","type-post","status-publish","format-standard","hentry","category-semblanzas"],"jetpack_featured_media_url":"","jetpack_sharing_enabled":true,"_links":{"self":[{"href":"https:\/\/desdeeltejado.com\/index.php\/wp-json\/wp\/v2\/posts\/1345","targetHints":{"allow":["GET"]}}],"collection":[{"href":"https:\/\/desdeeltejado.com\/index.php\/wp-json\/wp\/v2\/posts"}],"about":[{"href":"https:\/\/desdeeltejado.com\/index.php\/wp-json\/wp\/v2\/types\/post"}],"author":[{"embeddable":true,"href":"https:\/\/desdeeltejado.com\/index.php\/wp-json\/wp\/v2\/users\/3"}],"replies":[{"embeddable":true,"href":"https:\/\/desdeeltejado.com\/index.php\/wp-json\/wp\/v2\/comments?post=1345"}],"version-history":[{"count":1,"href":"https:\/\/desdeeltejado.com\/index.php\/wp-json\/wp\/v2\/posts\/1345\/revisions"}],"predecessor-version":[{"id":1346,"href":"https:\/\/desdeeltejado.com\/index.php\/wp-json\/wp\/v2\/posts\/1345\/revisions\/1346"}],"wp:attachment":[{"href":"https:\/\/desdeeltejado.com\/index.php\/wp-json\/wp\/v2\/media?parent=1345"}],"wp:term":[{"taxonomy":"category","embeddable":true,"href":"https:\/\/desdeeltejado.com\/index.php\/wp-json\/wp\/v2\/categories?post=1345"},{"taxonomy":"post_tag","embeddable":true,"href":"https:\/\/desdeeltejado.com\/index.php\/wp-json\/wp\/v2\/tags?post=1345"}],"curies":[{"name":"wp","href":"https:\/\/api.w.org\/{rel}","templated":true}]}}