{"id":1343,"date":"2021-12-31T17:33:53","date_gmt":"2021-12-31T21:33:53","guid":{"rendered":"https:\/\/desdeeltejado.com\/?p=1343"},"modified":"2026-03-13T17:37:39","modified_gmt":"2026-03-13T21:37:39","slug":"humberto-palza-soliz-un-autodidacta-al-frente-de-la-primera-escuela-de-periodismo","status":"publish","type":"post","link":"https:\/\/desdeeltejado.com\/index.php\/2021\/12\/31\/humberto-palza-soliz-un-autodidacta-al-frente-de-la-primera-escuela-de-periodismo\/","title":{"rendered":"Humberto Palza Soliz, un autodidacta al frente de la primera escuela de periodismo*"},"content":{"rendered":"\n<p>Periodista, abogado, novelista, poeta, dramaturgo, fil\u00f3sofo, ensayista y diplom\u00e1tico, Humberto Palza Soliz era co-director del vespertino <em>Ultima Hora<\/em> cuando el rector de la flamante Universidad Cat\u00f3lica Boliviana, monse\u00f1or Genaro Prata, lo llam\u00f3 a principios de 1969 para que organice la primera escuela de periodismo de Bolivia. \u201c\u00bfEst\u00e1 Ud. seguro? Recuerde que yo soy un periodista autodidacta\u201d, le respondi\u00f3. \u201cTodos los periodistas bolivianos lo son y de lo que se trata es que a partir de ahora se profesionalicen\u201d, le replic\u00f3 el prelado.<\/p>\n\n\n\n<p>Y as\u00ed fue. El Instituto Superior de Ciencias y T\u00e9cnicas de la Opini\u00f3n P\u00fablica, antecedente de la Carrera de Medios de Comunicaci\u00f3n, abri\u00f3 sus puertas el 10 de febrero de 1969 exclusivamente para periodistas en ejercicio, todos autodidactas, a quienes la Universidad Cat\u00f3lica quiso dar la oportunidad de profesionalizarse y optar a un grado acad\u00e9mico antes de recibir en sus aulas al estudiantado en general.<\/p>\n\n\n\n<p>Palza Soliz, columnista y colaborador de varios diarios de Bolivia y el extranjero, fue el encargado de acometer la empresa. Lo hizo de la mano de un profesional, Luis Espinal, el sacerdote jesuita y periodista m\u00e1rtir, asesinado por los paramilitares en marzo de 1980, designado subdirector. Luis Espinal era licenciado en Filosof\u00eda y Teolog\u00eda y hab\u00eda obtenido el t\u00edtulo de periodista en la Escuela Superior de Periodismo y Medios Audiovisuales de la Universidad del Sagrado Coraz\u00f3n de Mil\u00e1n.<\/p>\n\n\n\n<p>Nacido en La Paz en 1900, ocup\u00f3 diferentes cargos p\u00fablicos, entre ellos el de director del&nbsp; Departamento de L\u00edmites de&nbsp;la Canciller\u00eda y varios puestos diplom\u00e1ticos, y sufri\u00f3 los avatares de la pol\u00edtica de su tiempo. Tras el triunfo de la revoluci\u00f3n del 9 de abril de 1952, se exili\u00f3 en Chile y regres\u00f3 a Bolivia once a\u00f1os despu\u00e9s, en 1963, para ocupar la codirecci\u00f3n de <em>\u00daltima Hora<\/em> junto al periodista Alfredo Alexander, otro m\u00e1rtir del periodismo, asesinado en 1970.<\/p>\n\n\n\n<p>Palza Soliz fue un intelectual reconocido, autor de la novela <em>Soroche<\/em>&nbsp;(1970), el poemario <em>18 Sonetos en que se cuenta un amor de otro tiempo&nbsp;<\/em>(1974), las obras teatrales <em>Por mi novio el extranjero<\/em>&nbsp;(1920), <em>La felicidad<\/em>&nbsp;(1922),&nbsp;<em>Las pobres vidas<\/em>&nbsp;(1936),&nbsp;<em>El viajero<\/em>&nbsp;(1942) y los ensayos <em>El hombre como m\u00e9todo. Filosof\u00eda y sociolog\u00eda<\/em>&nbsp;(1939), <em>El hombre y el paisaje de Bolivia<\/em>&nbsp;(1941), T<em>ierra adentro, mar afuera <\/em>(1949), <em>Pasado y presente de&nbsp;la Liga&nbsp;de las Naciones<\/em>&nbsp;(1938), <em>La noche roja de Bogot\u00e1<\/em>&nbsp;(1949).<\/p>\n\n\n\n<p>Ocup\u00f3 la silla con la letra O de la Academia Boliviana de la Lengua.<\/p>\n\n\n\n<p>El poeta y cr\u00edtico literario \u00d3scar Rivera-Rodas, catedr\u00e1tico de literatura latinoamericana de la Universidad de Tennessee (EEUU), lo describi\u00f3 como \u201cuno de los escritores bolivianos m\u00e1s importantes del siglo XX, pero cada vez m\u00e1s olvidado, una de las v\u00edctimas de la diplomacia, digno diplom\u00e1tico, que puso a un lado al escritor de novelas, ensayo, teatro y periodismo\u201d. Para el escritor y ensayista Porfirio D\u00edaz Machicao, fue un \u201chombre de alta cultura\u201d, como profesor de oratoria, escritor y periodista, cuya obra \u201cno quedar\u00e1 desmerecida\u201d.<\/p>\n\n\n\n<p>Una de sus obras m\u00e1s reconocidas es <em>El hombre como m\u00e9todo<\/em>&nbsp;(1939), publicada por la Universidad de Berkeley , California, en 1939, en tiempos en que las universidades de \u00e9lite estaban virtualmente cerradas para los pensadores latinoamericanos. El pr\u00f3logo estuvo a cargo del cr\u00edtico y profesor chileno Arturo Torres Rioseco (1897-1971), quien por entonces ense\u00f1aba en Berkeley.<\/p>\n\n\n\n<p>\u201cLa aparici\u00f3n de un nuevo pensador hispanoamericano es siempre un acontecimiento en nuestra vida intelectual, saturado de impresionismo, facilidad estil\u00edstica y esteticismo. Y si este pensador es un hombre joven, mayor raz\u00f3n de regocijo, ya que la actitud austera y el gesto meditabundo parecen ser el privilegio exclusivo de la vejez entre nosotros\u201d, escribi\u00f3 Torres Rioseco.<\/p>\n\n\n\n<p>\u201cDesconocido a\u00fan para la mayor\u00eda pensante de Am\u00e9rica \u2013agreg\u00f3\u2013 se nos presenta un joven escritor boliviano con un libro nutrido y original que ha dado motivo a estas notas marginales m\u00edas. Su nombre es Humberto Palza; su libro se intitula <em>El Hombre como M\u00e9todo<\/em>. Defensores fan\u00e1ticos del hispanoamericanismo literario, pecar\u00edamos de inconsecuentes si no vi\u00e9ramos en la obra del se\u00f1or Palza un valor extraordinario para el pensamiento de nuestro continente\u201d.<\/p>\n\n\n\n<p>Fernando Diez de Medina lo incluye en su&nbsp;<em>Literatura Boliviana, <\/em>Augusto Guzm\u00e1n en <em>La novela en Bolivia y Joseph M. Barnadas en su Diccionario Hist\u00f3rico<\/em>. El fil\u00f3sofo Guillermo Francovich coment\u00f3 elogiosamente su obra en <em>Filosof\u00eda en Bolivia<\/em>.<\/p>\n\n\n\n<p>Como director y docente del Instituto Superior de Ciencias y T\u00e9cnicas de la Opini\u00f3n P\u00fablica, dict\u00f3 la materia de Introducci\u00f3n a la Filosof\u00eda. Muchos de sus alumnos, periodistas autodidactas como \u00e9l, eran sus compa\u00f1eros de trabajo en <em>Ultima Hora<\/em>. Y fue tambi\u00e9n \u00e9l quien les entreg\u00f3 sus t\u00edtulos, los primeros que otorg\u00f3 la Universidad Cat\u00f3lica, el 23 de diciembre de 1970.<\/p>\n\n\n\n<p><strong>*Texto publicado en el libro <em>Poner en com\u00fan<\/em>. La Paz, noviembre de 2021.<\/strong><\/p>\n","protected":false},"excerpt":{"rendered":"<p>Periodista, abogado, novelista, poeta, dramaturgo, fil\u00f3sofo, ensayista y diplom\u00e1tico, Humberto Palza Soliz era co-director del vespertino Ultima Hora cuando el rector de la flamante Universidad Cat\u00f3lica Boliviana, monse\u00f1or Genaro Prata, lo llam\u00f3 a principios de 1969 para que organice la primera escuela de periodismo de Bolivia. \u201c\u00bfEst\u00e1 Ud. seguro? Recuerde que yo soy un periodista &hellip; <a href=\"https:\/\/desdeeltejado.com\/index.php\/2021\/12\/31\/humberto-palza-soliz-un-autodidacta-al-frente-de-la-primera-escuela-de-periodismo\/\" class=\"more-link\">Continuar leyendo <span class=\"screen-reader-text\">Humberto Palza Soliz, un autodidacta al frente de la primera escuela de periodismo*<\/span><\/a><\/p>\n","protected":false},"author":3,"featured_media":0,"comment_status":"open","ping_status":"open","sticky":false,"template":"","format":"standard","meta":{"_jetpack_memberships_contains_paid_content":false,"footnotes":""},"categories":[7],"tags":[],"class_list":["post-1343","post","type-post","status-publish","format-standard","hentry","category-semblanzas"],"jetpack_featured_media_url":"","jetpack_sharing_enabled":true,"_links":{"self":[{"href":"https:\/\/desdeeltejado.com\/index.php\/wp-json\/wp\/v2\/posts\/1343","targetHints":{"allow":["GET"]}}],"collection":[{"href":"https:\/\/desdeeltejado.com\/index.php\/wp-json\/wp\/v2\/posts"}],"about":[{"href":"https:\/\/desdeeltejado.com\/index.php\/wp-json\/wp\/v2\/types\/post"}],"author":[{"embeddable":true,"href":"https:\/\/desdeeltejado.com\/index.php\/wp-json\/wp\/v2\/users\/3"}],"replies":[{"embeddable":true,"href":"https:\/\/desdeeltejado.com\/index.php\/wp-json\/wp\/v2\/comments?post=1343"}],"version-history":[{"count":1,"href":"https:\/\/desdeeltejado.com\/index.php\/wp-json\/wp\/v2\/posts\/1343\/revisions"}],"predecessor-version":[{"id":1344,"href":"https:\/\/desdeeltejado.com\/index.php\/wp-json\/wp\/v2\/posts\/1343\/revisions\/1344"}],"wp:attachment":[{"href":"https:\/\/desdeeltejado.com\/index.php\/wp-json\/wp\/v2\/media?parent=1343"}],"wp:term":[{"taxonomy":"category","embeddable":true,"href":"https:\/\/desdeeltejado.com\/index.php\/wp-json\/wp\/v2\/categories?post=1343"},{"taxonomy":"post_tag","embeddable":true,"href":"https:\/\/desdeeltejado.com\/index.php\/wp-json\/wp\/v2\/tags?post=1343"}],"curies":[{"name":"wp","href":"https:\/\/api.w.org\/{rel}","templated":true}]}}