{"id":1333,"date":"2020-12-31T15:58:45","date_gmt":"2020-12-31T19:58:45","guid":{"rendered":"https:\/\/desdeeltejado.com\/?p=1333"},"modified":"2026-03-13T16:09:32","modified_gmt":"2026-03-13T20:09:32","slug":"discurso-de-posesion-de-la-direccion-de-la-carrera-de-comunicacion-social-de-la-ucb","status":"publish","type":"post","link":"https:\/\/desdeeltejado.com\/index.php\/2020\/12\/31\/discurso-de-posesion-de-la-direccion-de-la-carrera-de-comunicacion-social-de-la-ucb\/","title":{"rendered":"Discurso de posesi\u00f3n de la direcci\u00f3n de la Carrera de Comunicaci\u00f3n Social de la UCB"},"content":{"rendered":"\n<p>Para m\u00ed es un honor y un orgullo asumir la direcci\u00f3n de la carrera de Ciencias de la Comunicaci\u00f3n de nuestra universidad. Un&nbsp; honor porque nuestra carrera es, sin lugar a dudas, la de mayor prestigio de Bolivia y una de las m\u00e1s importantes de Am\u00e9rica Latina. Y un orgullo porque mi designaci\u00f3n coincide con el 50 aniversario de la colaci\u00f3n de grados de la primera promoci\u00f3n de la Cat\u00f3lica, a la que pertenezco. Un honor, pero tambi\u00e9n un enorme desaf\u00edo.<\/p>\n\n\n\n<p>Recuerdo con mucho cari\u00f1o el d\u00eda que recib\u00ed el t\u00edtulo de manos del fundador y primer rector de nuestra universidad, monse\u00f1or Genaro Prata, el 23 de diciembre de 1970, un t\u00edtulo que me acreditaba como uno de los primeros profesionales de Comunicaci\u00f3n Social graduados en Bolivia; un t\u00edtulo, el de Periodista, del cual me siento muy orgulloso porque refleja muy bien el oficio al que me he dedicado toda la vida, y que, por cierto, ya no lo otorga la Universidad Boliviana, al menos no con ese nombre.<\/p>\n\n\n\n<p>Pero no es \u00fanicamente un tema formal. Ninguna generaci\u00f3n como la m\u00eda ha vivido de manera tan intensa y dram\u00e1tica la revoluci\u00f3n tecnol\u00f3gica, que est\u00e1 en el coraz\u00f3n mismo de la comunicaci\u00f3n. Para medir la magnitud de los cambios bastar\u00eda con decir que los periodistas de mi generaci\u00f3n hemos pasado, en medio siglo, del tel\u00e9grafo Morse al Internet.<\/p>\n\n\n\n<p>Estamos viviendo tiempos de cambio y tambi\u00e9n de crisis, que se agudizaron en los \u00faltimos a\u00f1os. Todav\u00eda no hab\u00edamos asimilado la revoluci\u00f3n tecnol\u00f3gica cuando nos sorprendi\u00f3 la crisis econ\u00f3mica global de la \u00faltima d\u00e9cada; y no hab\u00edamos superado esta \u00faltima cuando nos atrap\u00f3 la pandemia del coronavirus, con su secuela de cuarentenas, que no ha hecho otra cosa que acelerar la transici\u00f3n en las que est\u00e1bamos embarcados desde inicios de este siglo.<\/p>\n\n\n\n<p>Y como todas las cosas en la vida, la medalla tiene un anverso positivo y un reverso negativo, La revoluci\u00f3n tecnol\u00f3gica es una oportunidad, pero a la vez &nbsp;un incordio. Nunca como ahora hab\u00edamos gozado de tan irrestricto acceso a la informaci\u00f3n ni de las posibilidades casi ilimitadas para difundir nuestras ideas y opiniones, pero tambi\u00e9n, nunca como ahora, hab\u00edamos visto tales niveles de desinformaci\u00f3n y manipulaci\u00f3n informativa. Y esto est\u00e1 \u00edntimamente ligado con la \u00e9tica period\u00edstica.<\/p>\n\n\n\n<p>El padre Jos\u00e9 Gramunt, mi primer maestro en el oficio, sol\u00eda decir que los primeros periodistas de la era cristiana fueron los cuatro evangelistas. Y es cierto. Desde el punto vista period\u00edstico formal, cada Evangelio es una cr\u00f3nica perfecta. La par\u00e1bola de la multiplicaci\u00f3n de los panes y los peces tiene 191 palabras. Si hubiese habido un peri\u00f3dico en ese tiempo, hubiese sido un reportaje de primera plana.<\/p>\n\n\n\n<p>Los evangelistas utilizaron la palabra para transmitir la Buena Nueva. El periodista no solo debe buscar la verdad, sino utilizar la palabra para transmitirla. Ese es el desaf\u00edo de nuestro tiempo, un desaf\u00edo que enfrenta el peligro se\u00f1alado.<\/p>\n\n\n\n<p>Tengo el privilegio de contar con un equipo de colaboradores y docentes de primer nivel, quienes, a lo largo de los \u00faltimos a\u00f1os lograron situar a nuestra carrera en el sitial de honor en el que se encuentra actualmente, un equipo que, sin lugar a dudas, seguir\u00e1 trabajando con el mismo entusiasmo para enfrentar los nuevos retos.<\/p>\n\n\n\n<p>En lo que a m\u00ed respecta, me gustar\u00eda recordar al escritor y acad\u00e9mico ingl\u00e9s Colin MacCabe, quien dijo en alguna ocasi\u00f3n: \u201cMe gusta escribir sobre lo que s\u00e9 y me gusta ense\u00f1ar lo que quiero aprender\u201d.<\/p>\n\n\n\n<p>Durante los nueve a\u00f1os que llevo como docente en la Cato, he aprendido mucho de mis colegas y de mis propios alumnos. Y en esta nueva responsabilidad espero seguir aprendiendo de ellos.<\/p>\n\n\n\n<p><strong>La Paz, diciembre de 2020.<\/strong><\/p>\n","protected":false},"excerpt":{"rendered":"<p>Para m\u00ed es un honor y un orgullo asumir la direcci\u00f3n de la carrera de Ciencias de la Comunicaci\u00f3n de nuestra universidad. Un&nbsp; honor porque nuestra carrera es, sin lugar a dudas, la de mayor prestigio de Bolivia y una de las m\u00e1s importantes de Am\u00e9rica Latina. Y un orgullo porque mi designaci\u00f3n coincide con &hellip; <a href=\"https:\/\/desdeeltejado.com\/index.php\/2020\/12\/31\/discurso-de-posesion-de-la-direccion-de-la-carrera-de-comunicacion-social-de-la-ucb\/\" class=\"more-link\">Continuar leyendo <span class=\"screen-reader-text\">Discurso de posesi\u00f3n de la direcci\u00f3n de la Carrera de Comunicaci\u00f3n Social de la UCB<\/span><\/a><\/p>\n","protected":false},"author":3,"featured_media":0,"comment_status":"open","ping_status":"open","sticky":false,"template":"","format":"standard","meta":{"_jetpack_memberships_contains_paid_content":false,"footnotes":""},"categories":[4],"tags":[],"class_list":["post-1333","post","type-post","status-publish","format-standard","hentry","category-prologos"],"jetpack_featured_media_url":"","jetpack_sharing_enabled":true,"_links":{"self":[{"href":"https:\/\/desdeeltejado.com\/index.php\/wp-json\/wp\/v2\/posts\/1333","targetHints":{"allow":["GET"]}}],"collection":[{"href":"https:\/\/desdeeltejado.com\/index.php\/wp-json\/wp\/v2\/posts"}],"about":[{"href":"https:\/\/desdeeltejado.com\/index.php\/wp-json\/wp\/v2\/types\/post"}],"author":[{"embeddable":true,"href":"https:\/\/desdeeltejado.com\/index.php\/wp-json\/wp\/v2\/users\/3"}],"replies":[{"embeddable":true,"href":"https:\/\/desdeeltejado.com\/index.php\/wp-json\/wp\/v2\/comments?post=1333"}],"version-history":[{"count":1,"href":"https:\/\/desdeeltejado.com\/index.php\/wp-json\/wp\/v2\/posts\/1333\/revisions"}],"predecessor-version":[{"id":1334,"href":"https:\/\/desdeeltejado.com\/index.php\/wp-json\/wp\/v2\/posts\/1333\/revisions\/1334"}],"wp:attachment":[{"href":"https:\/\/desdeeltejado.com\/index.php\/wp-json\/wp\/v2\/media?parent=1333"}],"wp:term":[{"taxonomy":"category","embeddable":true,"href":"https:\/\/desdeeltejado.com\/index.php\/wp-json\/wp\/v2\/categories?post=1333"},{"taxonomy":"post_tag","embeddable":true,"href":"https:\/\/desdeeltejado.com\/index.php\/wp-json\/wp\/v2\/tags?post=1333"}],"curies":[{"name":"wp","href":"https:\/\/api.w.org\/{rel}","templated":true}]}}