{"id":1331,"date":"2022-07-15T15:50:47","date_gmt":"2022-07-15T19:50:47","guid":{"rendered":"https:\/\/desdeeltejado.com\/?p=1331"},"modified":"2026-03-13T15:58:09","modified_gmt":"2026-03-13T19:58:09","slug":"la-valija-de-amalia-decker","status":"publish","type":"post","link":"https:\/\/desdeeltejado.com\/index.php\/2022\/07\/15\/la-valija-de-amalia-decker\/","title":{"rendered":"La valija, de Amalia Decker*"},"content":{"rendered":"\n<p>En el breve texto que me solicit\u00f3 Amalia para la contratapa de su libro, record\u00e9, a prop\u00f3sito del t\u00edtulo, una frase de Ernest Hemingway, quien dijo alguna vez que vivimos esta vida como si llev\u00e1semos otra en la maleta. Record\u00e9 tambi\u00e9n a ese gran poeta popular que es Joaqu\u00edn Sabina, quien evoca en una de sus canciones a aquellas mujeres que transitan por la vida con \u201cmaletas cargadas de lluvia\u201d.<\/p>\n\n\n\n<p>Dando la raz\u00f3n a Hemingway, escrib\u00ed en ese breve texto que Amalia lleva muchas vidas en la valija que la acompa\u00f1a en su errar por el mundo, y como las mujeres de Sabina, que arrastran maletas cargadas de lluvia, Amalia deja caer gotas cargadas de bellas palabras y voces maravillosas.<\/p>\n\n\n\n<p><em>La Valija<\/em>, la obra con la que Amalia debuta en el g\u00e9nero del cuento, est\u00e1 integrada por 21 relatos breves, distribuidos en cuatro libros. Sus t\u00edtulos sugieren una diversidad tem\u00e1tica sin ligaz\u00f3n aparente alguna, cuentos que muy bien podr\u00edan tener una vida independiente como textos aut\u00f3nomos. Sin embargo, la disparidad es solo aparente, como en toda ficci\u00f3n.<\/p>\n\n\n\n<p>Y son los propios personajes los que nos dan la pauta. Amalia nos ofrece, como tambi\u00e9n escrib\u00ed, voces maravillosas, colmadas de amor y de pasi\u00f3n, pero sobre todo de nostalgia, una nostalgia por mundos que ella a\u00f1ora pero que no acaban de llegar; mundos que ella los inventa, una y otra vez, en la b\u00fasqueda de ese mundo que quisiera para ella y para los dem\u00e1s.<\/p>\n\n\n\n<p>Como las \u201cmujeres de ojos grandes\u201d de \u00c1ngeles Mastretta, los personajes de Amalia Decker no llevan otro equipaje que la ilusi\u00f3n y el futuro.<\/p>\n\n\n\n<p>Una valija no solo sugiere viajes. Evoca tambi\u00e9n al ba\u00fal del viejo desv\u00e1n, donde aparcamos cosas que creemos in\u00fatiles y que recobran valor cuando las desempolvamos. Ba\u00fales como la memoria, que guardan recuerdos que nos servir\u00e1n con el tiempo para recuperar el pasado, pero tambi\u00e9n para perfilar el futuro.<\/p>\n\n\n\n<p>Son los \u201cguardados\u201d de los que nos habla Amalia, los \u201cguardaditos\u201d que van conformando nuestra experiencia vital, nuestra propia existencia, para bien y para mal.<\/p>\n\n\n\n<p>Son, pues, los recuerdos rescatados de esa valija los que dan vida a los personajes. Y son esos personajes, en su transitar por la vida, los que dan unidad al volumen.<\/p>\n\n\n\n<p>Seg\u00fan un refr\u00e1n popular, \u201csolo los que vagan encuentran nuevos caminos\u201d. Es lo que ha hecho Amalia en su vagar por el mundo con su valija a cuestas, buscar nuevos caminos, como lo hacen sus personajes, para dar raz\u00f3n a quien dijo que \u201cno todos los que deambulan est\u00e1n perdidos\u201d.&nbsp;<\/p>\n\n\n\n<p>\u201cEntre el ensue\u00f1o y la pesadilla voy en busca del abrazo c\u00e1lido de la ciudad que yo deseo\u201d, dice uno de ellos, en una frase que refleja muy bien la a\u00f1oranza de Amalia por ese mundo que no acaba de llegar, pero que ella lo inventa, una y otra vez, como todo hacedor de utop\u00edas, \u201ccon asombro y con miedo\u201d, en un caminar titubeante.<\/p>\n\n\n\n<p>Su recorrido, nos dice la autora en la presentaci\u00f3n, fue \u201clleno de obst\u00e1culos, de desaciertos, de amores, de pasiones, de p\u00e9rdidas y de dolor\u201d, experiencias con las que fue llenando su valija. \u201cSent\u00ed&nbsp; que hab\u00eda muerto para volver a nacer y as\u00ed contarle al mundo estas historias\u201d.<\/p>\n\n\n\n<p>Es tal vez el libro primero, titulado \u201cPasados por el tamiz del tiempo\u201d, el que mejor refleja esas historias, las que nacen de su experiencia guerrillera, historias de las que Amalia dice que \u201cestuvieron encarceladas en la valija de su memoria por una falsa lealtad\u201d.<\/p>\n\n\n\n<p>En los cinco cuentos, la autora dialoga con <em>Marcela<\/em>, que no es otra que su alter ego. Es, pues, un di\u00e1logo consigo misma.<\/p>\n\n\n\n<p>Obviamente, no estamos hablando de literatura pol\u00edtica, entre comillas, pero s\u00ed de la reflexi\u00f3n que cabe en toda ficci\u00f3n. En este sentido, s\u00ed podemos hablar de un ajuste de cuentas con el pasado, porque, como dice la interlocutora de <em>Marcela<\/em>, &nbsp;no es posible dejar la mente en blanco eternamente.<\/p>\n\n\n\n<p><em>Marcela<\/em> dice que ha corrido mucha agua bajo el puente, pero que no sabe cu\u00e1nto m\u00e1s tiene que llover para borrar ese pasado que le ha dejado una huella indeleble, una militancia que describe como un \u201cviaje de naufragios que le robaron los sue\u00f1os juveniles\u201d.<\/p>\n\n\n\n<p>\u201cCre\u00edamos que \u00e9ramos invencibles\u2026 Y en realidad, ya est\u00e1bamos vencidos\u201d, dice <em>Marcela<\/em> en su severa autocr\u00edtica.<\/p>\n\n\n\n<p>No hay frustraciones que no generen utop\u00edas ni utop\u00edas que no terminen en frustraciones.<\/p>\n\n\n\n<p>Y los textos reflejan el desencanto que sufre la protagonista, es decir Amalia, de su experiencia en la Cuba revolucionaria, la Cuba que para mi generaci\u00f3n y la generaci\u00f3n de Amalia era el faro que iluminaba el futuro colectivo.<\/p>\n\n\n\n<p><em>Marcela<\/em>, como todos los j\u00f3venes de entonces, imaginaba que las enormes palmeras de La Habana eran mujeres pre\u00f1adas que se mec\u00edan al ritmo suave de un son cubano.<\/p>\n\n\n\n<p>Si las historias del libro primero estuvieron \u201cencarceladas\u201d en la valija de su memoria por una \u201cfalsa lealtad\u201d, las historias de los otros tres libros son producto, como dice su autora, del \u201clibre albedr\u00edo\u201d, que le ha permitido imaginarlas e inventarlas, durante esas horas, como dice una de sus protagonistas, que \u201cse disuelven solas o por inercia\u201d.<\/p>\n\n\n\n<p>Son las querencias de hombres y mujeres que caminan por las calles buscando el rostro o el olor del ser querido, para dar la raz\u00f3n a Pablo Neruda cuando dec\u00eda que el amor es m\u00e1s corto que el olvido.<\/p>\n\n\n\n<p>Todos sabemos que el \u00abdesamor\u201d no existe, porque no se puede \u00abdesquerer\u201d, como no se puede desandar un camino, aunque se retorne por el mismo sendero.<\/p>\n\n\n\n<p>Los caminos son de ida y vuelta, es cierto, pero siguen siendo los mismos, solo que vistos desde perspectivas diferentes. El desamor, si existe, es la otra cara del amor o, si se quiere, la cal viva que suele repartir el destino por cada porci\u00f3n de arena que ofrece &nbsp;a lo largo de la vida.<\/p>\n\n\n\n<p>Los personajes de Amalia, los malqueridos y los bienamados, recorren ese camino, algunos de ida, otros de vuelta, sintiendo, como dice uno de ellos, que no hay tierra debajo de sus pies.<\/p>\n\n\n\n<p>No hay amor sin pasi\u00f3n, y no hay pasi\u00f3n sin deseo sensual, el que regala el placer de los cuerpos en la entrega incondicional a trav\u00e9s de la imaginaci\u00f3n y la fantas\u00eda. Los personajes de <em>Querencias<\/em> se entregan al juego er\u00f3tico en pasajes que marcan una de las caracter\u00edsticas de los relatos del tercer libro del volumen.<\/p>\n\n\n\n<p>Es el caso del juego amoroso de <em>Valentina<\/em> y <em>Joaqu\u00edn<\/em> en la mecedora de la abuela, donde los j\u00f3venes amantes disfrutan sus encuentros clandestinos, espiados por la prima de <em>Valentina<\/em>.<\/p>\n\n\n\n<p>\u201cA ella tambi\u00e9n le gustaba que los espiara\u201d, dice la fisgona. \u201cMientras los miraba am\u00e1ndose, mi cuerpo entero se erizaba\u2026 No solo me gustaba verlos sino sentir esa extra\u00f1a sensaci\u00f3n de cosquillo que me invad\u00eda en todo el cuerpo\u201d, apunta la protagonista silenciosa de las citas amatorias.<\/p>\n\n\n\n<p>O como In\u00e9s, que conduce&nbsp; paso a paso a su joven amante, Sebasti\u00e1n, por \u201cel t\u00fanel de la pasi\u00f3n\u201d.<\/p>\n\n\n\n<p>El <em>Ed\u00e9n <\/em>es el sue\u00f1o y la met\u00e1fora de la b\u00fasqueda de la riqueza y la realizaci\u00f3n personal\u2013\u2013utop\u00eda al fin\u2013 a&nbsp; trav\u00e9s de c\u00f3digos y caminos del narcotr\u00e1fico, personajes &nbsp;que dise\u00f1an su propio destino y llevan la vida marcada para siempre, de la que solo se puede salir con las botas por delante.<\/p>\n\n\n\n<p>Es la mirada piadosa y adolorida de mujeres, como <em>Eva<\/em>, la <em>Princesa del Ed\u00e9n<\/em>, que pagan con su cuerpo y en metal &nbsp;los favores de los hombres del poder, de mujeres que terminan cediendo por las buenas o por las malas.<\/p>\n\n\n\n<p>Los cinco cuentos de <em>Inventando ciudades<\/em> son, para mi gusto, los mejor logrados, los m\u00e1s \u00edntimos y por ello mismo, las m\u00e1s reflexivos, escritos con la maestr\u00eda de las mejores narradoras.<\/p>\n\n\n\n<p>Son textos, como ella misma dice, que le permitieron transitar entre la nostalgia y la imaginaci\u00f3n, volar y descubrir en los pliegues de su memoria el eco de los recuerdos y encontrar los rumores esenciales de la vida.<\/p>\n\n\n\n<p>Los t\u00edtulos de cada uno de ellos nos anticipan la poes\u00eda de su contenido: el rumor de vida, las voces del viento, el polvo de las hadas, la sinfon\u00eda de la vida.<\/p>\n\n\n\n<p>Me quedo con el p\u00e1rrafo de unos de los textos: \u201cMis pies caminan en un camino ajeno, como si todo concluyera &nbsp;parad\u00f3jicamente en una ciudad de extra\u00f1as pretensiones. Es un laberinto de espejos donde a pesar de buscarme no me encuentro\u201d.<\/p>\n\n\n\n<p>Es una bella met\u00e1fora de su b\u00fasqueda permanente, de su incesante persecuci\u00f3n de utop\u00edas y del impulso que la empuja a inventar los mundos que a\u00f1ora.<\/p>\n\n\n\n<p><strong>*Texto le\u00eddo en la presentaci\u00f3n del libro de cuentos <em>La valija<\/em>. La Paz, 14 de julio de 2022.-<\/strong><\/p>\n\n\n\n<p><\/p>\n","protected":false},"excerpt":{"rendered":"<p>En el breve texto que me solicit\u00f3 Amalia para la contratapa de su libro, record\u00e9, a prop\u00f3sito del t\u00edtulo, una frase de Ernest Hemingway, quien dijo alguna vez que vivimos esta vida como si llev\u00e1semos otra en la maleta. Record\u00e9 tambi\u00e9n a ese gran poeta popular que es Joaqu\u00edn Sabina, quien evoca en una de &hellip; <a href=\"https:\/\/desdeeltejado.com\/index.php\/2022\/07\/15\/la-valija-de-amalia-decker\/\" class=\"more-link\">Continuar leyendo <span class=\"screen-reader-text\">La valija, de Amalia Decker*<\/span><\/a><\/p>\n","protected":false},"author":3,"featured_media":0,"comment_status":"open","ping_status":"open","sticky":false,"template":"","format":"standard","meta":{"_jetpack_memberships_contains_paid_content":false,"footnotes":""},"categories":[4],"tags":[],"class_list":["post-1331","post","type-post","status-publish","format-standard","hentry","category-prologos"],"jetpack_featured_media_url":"","jetpack_sharing_enabled":true,"_links":{"self":[{"href":"https:\/\/desdeeltejado.com\/index.php\/wp-json\/wp\/v2\/posts\/1331","targetHints":{"allow":["GET"]}}],"collection":[{"href":"https:\/\/desdeeltejado.com\/index.php\/wp-json\/wp\/v2\/posts"}],"about":[{"href":"https:\/\/desdeeltejado.com\/index.php\/wp-json\/wp\/v2\/types\/post"}],"author":[{"embeddable":true,"href":"https:\/\/desdeeltejado.com\/index.php\/wp-json\/wp\/v2\/users\/3"}],"replies":[{"embeddable":true,"href":"https:\/\/desdeeltejado.com\/index.php\/wp-json\/wp\/v2\/comments?post=1331"}],"version-history":[{"count":1,"href":"https:\/\/desdeeltejado.com\/index.php\/wp-json\/wp\/v2\/posts\/1331\/revisions"}],"predecessor-version":[{"id":1332,"href":"https:\/\/desdeeltejado.com\/index.php\/wp-json\/wp\/v2\/posts\/1331\/revisions\/1332"}],"wp:attachment":[{"href":"https:\/\/desdeeltejado.com\/index.php\/wp-json\/wp\/v2\/media?parent=1331"}],"wp:term":[{"taxonomy":"category","embeddable":true,"href":"https:\/\/desdeeltejado.com\/index.php\/wp-json\/wp\/v2\/categories?post=1331"},{"taxonomy":"post_tag","embeddable":true,"href":"https:\/\/desdeeltejado.com\/index.php\/wp-json\/wp\/v2\/tags?post=1331"}],"curies":[{"name":"wp","href":"https:\/\/api.w.org\/{rel}","templated":true}]}}