{"id":1287,"date":"2025-11-30T11:58:03","date_gmt":"2025-11-30T15:58:03","guid":{"rendered":"https:\/\/desdeeltejado.com\/?p=1287"},"modified":"2026-03-13T12:00:13","modified_gmt":"2026-03-13T16:00:13","slug":"prologo-al-manual-de-periodismo","status":"publish","type":"post","link":"https:\/\/desdeeltejado.com\/index.php\/2025\/11\/30\/prologo-al-manual-de-periodismo\/","title":{"rendered":"Pr\u00f3logo al Manual de Periodismo"},"content":{"rendered":"\n<p><strong>Por Claudio Rossell Arce*<\/strong><\/p>\n\n\n\n<p>Hoy m\u00e1s que nunca, el periodismo. En tiempos de desinformaci\u00f3n generalizada, de triunfo de las relaciones p\u00fablicas \u2013otro nombre de la propaganda, E. Bernays dixit\u2013, de posverdad como el lugar m\u00e1s extremo de la postmodernidad, donde las certezas se desvanecen en el aire y ya no se sabe en qu\u00e9 creer, el periodismo. Como instrumento de conocimiento, de interpretaci\u00f3n sucesiva de la realidad, que la comprende y la explica, y en el camino la construye para el colectivo. El periodismo, como oficio de profesionales que conocen el m\u00e9todo de interpretaci\u00f3n, as\u00ed como conocen y dominan las t\u00e9cnicas asociadas al esfuerzo de transformar hechos en noticias, y, sobre todo, tienen profundas convicciones \u00e9ticas, necesarias para el enorme papel que les corresponde desempe\u00f1ar en la sociedad.<\/p>\n\n\n\n<p>De eso se trata el Manual de Periodismo que el periodista y maestro de este oficio Juan Carlos Salazar del Barrio nos ofrece, un imprescindible texto de referencia y apoyo en la formaci\u00f3n de nuevos profesionales de la comunicaci\u00f3n con vocaci\u00f3n para el \u201cmejor oficio del mundo\u201d. En este breve, pero profundo y preciso volumen, Juan Carlos destila d\u00e9cadas de experiencia con grabadora al hombro (s\u00ed, eran grandes como carteras), c\u00e1mara fotogr\u00e1fica colgada del cuello, l\u00e1piz y libreta en la mano, y, sobre todo, una mirada inquieta y curiosa, que hizo de \u00e9l un gran periodista y narrador, y formador de nuevas generaciones de periodistas profesionales.<\/p>\n\n\n\n<p>En tiempos de transformaci\u00f3n del ecosistema medi\u00e1tico que dio origen al periodismo profesional y sus diferentes t\u00e9cnicas y tecnolog\u00edas, cuando la informaci\u00f3n y la desinformaci\u00f3n fluyen a un ritmo que nadie alcanza a controlar, provocando toda clase de trastornos en el individuo y en los grupos, el oficio period\u00edstico puede y debe alzarse como un faro que ofrece una versi\u00f3n sana de la realidad; en las p\u00e1ginas de este Manual se encuentran el qu\u00e9 del oficio, el qui\u00e9n, el cu\u00e1ndo, el d\u00f3nde y, fundamentalmente, el c\u00f3mo y el por qu\u00e9.<\/p>\n\n\n\n<p>Comenzando con una caracterizaci\u00f3n poco ortodoxa de \u201cmedio de comunicaci\u00f3n\u201d, como el espacio donde confluyen no los medios t\u00e9cnicos sino el conjunto de personas que los operan para producir una versi\u00f3n \u201cmediada\u201d de la realidad, Salazar introduce a quien se inicia en los caminos del periodismo profesional a una minuciosa explicaci\u00f3n de c\u00f3mo se hace noticia, de la manera en que se producen los textos period\u00edsticos, de las formas que adoptan estos textos, y enriquece un ya de por s\u00ed completo Manual con abundantes ejemplos de lo mejor del periodismo en espa\u00f1ol.<\/p>\n\n\n\n<p>Desde el por qu\u00e9 y para qu\u00e9 de las cinco preguntas que dan inicio a la estructura de la pir\u00e1mide invertida, hasta los secretos para convertir un hecho cualquiera en una pieza period\u00edstica, es decir, un relato sobre la realidad, el autor revisa minuciosamente los diferentes aspectos de la pr\u00e1ctica del oficio y el modo en que se emplean las t\u00e9cnicas. Su completa explicaci\u00f3n de los g\u00e9neros period\u00edsticos permite al aprendiz saber cu\u00e1l de las posibles formas del texto period\u00edstico emplear, pero, sobre todo, por qu\u00e9 hacerlo.<\/p>\n\n\n\n<p>M\u00e1s adelante, Salazar pasa revista a las variadas clasificaciones del quehacer period\u00edstico, explicando las diferencias entre unas y otras, as\u00ed como dando cuenta de las distintas formas de recoger, producir e interpretar la informaci\u00f3n que se ofrece seg\u00fan estos marcos institucionales, que si antes se encontraban reunidos en la edici\u00f3n del diario con sus diferentes secciones, hoy tiene forma de sitios web y perfiles personales de nicho, es decir, crecientemente especializados y al mismo tiempo ampliamente disponibles.<\/p>\n\n\n\n<p>En un extenso apartado sobre la funci\u00f3n social del periodismo, la \u00e9tica y los tiempos de posverdad, el autor ofrece no solo detallada informaci\u00f3n sobre los mecanismos de autorregulaci\u00f3n que el periodismo tiene en Bolivia, as\u00ed como sus procedimientos, sino, tambi\u00e9n, una bien madurada postura de por qu\u00e9 hacer periodismo, que a su vez es un poderoso alegato en favor de las escuelas de periodismo profesional, como la Carrera de Comunicaci\u00f3n Social que \u00e9l mismo dirigi\u00f3 entre 2021 y 2025, donde se han formado, a lo largo de casi seis d\u00e9cadas, las y los periodistas m\u00e1s relevantes de la escena medi\u00e1tica.<\/p>\n\n\n\n<p>Por \u00faltimo, nos recuerda que en el complejo entramado del quehacer period\u00edstico las audiencias son tan importantes como las fuentes, y si bien son muchos los manantiales de las que beben, toca a los discursos period\u00edsticos hacerse cargo de todas las dimensiones de la comunicaci\u00f3n social, pues, como dice al cierre de este Manual, \u201choy m\u00e1s que nunca es importante formar ciudadanos con esp\u00edritu cr\u00edtico, informados y conscientes de lo que reciben y leen a trav\u00e9s de las redes\u201d. <\/p>\n\n\n\n<p><strong>*Jefe de las carreras de Comunicaci\u00f3n Social y Comunicaci\u00f3n Digital Multimedia de la Universidad Cat\u00f3lica Boliviana.<\/strong><\/p>\n","protected":false},"excerpt":{"rendered":"<p>Por Claudio Rossell Arce* Hoy m\u00e1s que nunca, el periodismo. En tiempos de desinformaci\u00f3n generalizada, de triunfo de las relaciones p\u00fablicas \u2013otro nombre de la propaganda, E. Bernays dixit\u2013, de posverdad como el lugar m\u00e1s extremo de la postmodernidad, donde las certezas se desvanecen en el aire y ya no se sabe en qu\u00e9 creer, &hellip; <a href=\"https:\/\/desdeeltejado.com\/index.php\/2025\/11\/30\/prologo-al-manual-de-periodismo\/\" class=\"more-link\">Continuar leyendo <span class=\"screen-reader-text\">Pr\u00f3logo al Manual de Periodismo<\/span><\/a><\/p>\n","protected":false},"author":3,"featured_media":0,"comment_status":"open","ping_status":"open","sticky":false,"template":"","format":"standard","meta":{"_jetpack_memberships_contains_paid_content":false,"footnotes":""},"categories":[6],"tags":[],"class_list":["post-1287","post","type-post","status-publish","format-standard","hentry","category-resenas"],"jetpack_featured_media_url":"","jetpack_sharing_enabled":true,"_links":{"self":[{"href":"https:\/\/desdeeltejado.com\/index.php\/wp-json\/wp\/v2\/posts\/1287","targetHints":{"allow":["GET"]}}],"collection":[{"href":"https:\/\/desdeeltejado.com\/index.php\/wp-json\/wp\/v2\/posts"}],"about":[{"href":"https:\/\/desdeeltejado.com\/index.php\/wp-json\/wp\/v2\/types\/post"}],"author":[{"embeddable":true,"href":"https:\/\/desdeeltejado.com\/index.php\/wp-json\/wp\/v2\/users\/3"}],"replies":[{"embeddable":true,"href":"https:\/\/desdeeltejado.com\/index.php\/wp-json\/wp\/v2\/comments?post=1287"}],"version-history":[{"count":1,"href":"https:\/\/desdeeltejado.com\/index.php\/wp-json\/wp\/v2\/posts\/1287\/revisions"}],"predecessor-version":[{"id":1288,"href":"https:\/\/desdeeltejado.com\/index.php\/wp-json\/wp\/v2\/posts\/1287\/revisions\/1288"}],"wp:attachment":[{"href":"https:\/\/desdeeltejado.com\/index.php\/wp-json\/wp\/v2\/media?parent=1287"}],"wp:term":[{"taxonomy":"category","embeddable":true,"href":"https:\/\/desdeeltejado.com\/index.php\/wp-json\/wp\/v2\/categories?post=1287"},{"taxonomy":"post_tag","embeddable":true,"href":"https:\/\/desdeeltejado.com\/index.php\/wp-json\/wp\/v2\/tags?post=1287"}],"curies":[{"name":"wp","href":"https:\/\/api.w.org\/{rel}","templated":true}]}}