{"id":1002,"date":"2024-10-20T10:13:05","date_gmt":"2024-10-20T14:13:05","guid":{"rendered":"https:\/\/desdeeltejado.com\/?p=1002"},"modified":"2026-02-19T09:52:55","modified_gmt":"2026-02-19T13:52:55","slug":"la-ucb-celebra-el-nombramiento-de-juan-carlos-salazar-en-la-academia-boliviana-de-la-lengua","status":"publish","type":"post","link":"https:\/\/desdeeltejado.com\/index.php\/2024\/10\/20\/la-ucb-celebra-el-nombramiento-de-juan-carlos-salazar-en-la-academia-boliviana-de-la-lengua\/","title":{"rendered":"La UCB celebra el nombramiento de Juan Carlos Salazar en la Academia\u00a0 Boliviana de la Lengua"},"content":{"rendered":"\n<p><strong>Portal de la UCB<\/strong><\/p>\n\n\n\n<figure class=\"wp-block-image size-full\"><img loading=\"lazy\" decoding=\"async\" width=\"1024\" height=\"682\" src=\"https:\/\/desdeeltejado.com\/wp-content\/uploads\/2024\/10\/Academia-3.jpeg\" alt=\"\" class=\"wp-image-1034\" srcset=\"https:\/\/desdeeltejado.com\/wp-content\/uploads\/2024\/10\/Academia-3.jpeg 1024w, https:\/\/desdeeltejado.com\/wp-content\/uploads\/2024\/10\/Academia-3-300x200.jpeg 300w, https:\/\/desdeeltejado.com\/wp-content\/uploads\/2024\/10\/Academia-3-768x512.jpeg 768w, https:\/\/desdeeltejado.com\/wp-content\/uploads\/2024\/10\/Academia-3-863x575.jpeg 863w, https:\/\/desdeeltejado.com\/wp-content\/uploads\/2024\/10\/Academia-3-162x108.jpeg 162w\" sizes=\"auto, (max-width: 1024px) 100vw, 1024px\" \/><\/figure>\n\n\n\n<p><em>\u201cMe dirijo a usted para hacerle llegar mis m\u00e1s c\u00e1lidas felicitaciones por su ingreso como miembro de n\u00famero a la Academia Boliviana de la Lengua\u201d.<\/em>&nbsp;Con estas palabras, el Rector Nacional P. Jos\u00e9 Fuentes Cano, en nombre de toda la comunidad de la Universidad Cat\u00f3lica Boliviana \u00abSan Pablo\u00bb (U.C.B.), felicit\u00f3 a Juan Carlos Salazar del Barrio por su reciente nombramiento como miembro de tan importante instituci\u00f3n a nivel mundial.<\/p>\n\n\n\n<p>Juan Carlos Salazar es periodista, escritor, docente y, desde el a\u00f1o 2020, Director de la Carrera de Comunicaci\u00f3n Social de la U.C.B. Sede La Paz. Es un orgullo sin precedentes para nuestra universidad, no solo por su amplio recorrido profesional en el campo de la docencia y las letras, sino tambi\u00e9n porque form\u00f3 parte de la primera promoci\u00f3n que se gradu\u00f3 con el t\u00edtulo de Periodista en nuestra casa de estudios en 1970.<\/p>\n\n\n\n<p>Tanto la Real Academia Espa\u00f1ola como la academia boliviana asignan a sus miembros una silla con el nombre de una letra, ya sea may\u00fascula o min\u00fascula. En este caso, Juan Carlos Salazar tomar\u00e1 dentro de la academia la silla \u201c\u00d1\u201d, lo cual, seg\u00fan sus palabras, es un honor por dos razones: <em>\u201cPrimero, porque esa silla, que es de por vida, la ocup\u00f3 \u2018Paulovich\u2019, Alfonso Prudencio Claure, durante 30 a\u00f1os. Y claro, la silla estaba vacante desde su muerte y me la asignaron a m\u00ed. Supongo que tambi\u00e9n porque soy periodista, pero tambi\u00e9n porque la letra \u00d1 es la letra m\u00e1s emblem\u00e1tica de nuestra lengua\u2026 Yo recuerdo que la entonces Comunidad Econ\u00f3mica Europea quiso suprimir la letra \u00d1 para uniformar el teclado de las computadoras en toda Europa y hubo una protesta generalizada en Espa\u00f1a y Am\u00e9rica Latina\u2026 Fue una gran defensa y, al final, la Comunidad Europea no suprimi\u00f3 la \u00d1. Por eso, para m\u00ed, es una doble satisfacci\u00f3n, por estas dos razones\u201d<\/em>.<\/p>\n\n\n\n<p>La distinci\u00f3n a Salazar se debe, sin duda, a su gran trayectoria como periodista en nuestro pa\u00eds y a toda su vasta obra bibliogr\u00e1fica, la cual detallamos m\u00e1s adelante. Su postulaci\u00f3n fue presentada por la poeta y narradora Mar\u00eda Cristina Botelho Mauri y la fil\u00f3loga Tatiana Alvarado Ordorica.<\/p>\n\n\n\n<p>En la ceremonia de ingreso, que se llevar\u00e1 a cabo el 19 de septiembre de 2024 en la Asociaci\u00f3n de Periodistas de La Paz, Juan Carlos Salazar presentar\u00e1 su discurso titulado&nbsp;\u201cPeriodismo y literatura, orillas de un mismo r\u00edo\u201d, con el que busca demostrar que&nbsp;\u201cel periodismo y la literatura son hijos de la misma madre, la narrativa\u201d.<\/p>\n\n\n\n<p><strong>Juan Carlos Salazar del Barrio en pocas palabras<\/strong><\/p>\n\n\n\n<p><strong>Periodista, escritor y docente universitario.<\/strong><\/p>\n\n\n\n<p>Egres\u00f3 en 1970 del Instituto Superior de Ciencias y T\u00e9cnicas de la Opini\u00f3n P\u00fablica de la Universidad Cat\u00f3lica Boliviana (UCB), antecedente de la actual carrera de Comunicaci\u00f3n Social. En 1970 obtuvo el t\u00edtulo de Periodista en Provisi\u00f3n Nacional, otorgado por el Consejo Nacional de Educaci\u00f3n Superior de la Universidad Boliviana. Tiene un diplomado en Pol\u00edtica y Comunicaci\u00f3n en Democracia de la UCB.<\/p>\n\n\n\n<p>Cofundador de la Agencia de Noticias Fides (ANF), en 1964; miembro de la redacci\u00f3n fundacional del diario&nbsp;<em>Hoy<\/em>&nbsp;de La Paz (1969). Realiz\u00f3 pr\u00e1cticamente toda su carrera profesional en el exterior, entre 1971 y 2010. Fue corresponsal de la Deutsche Presse-Agentur (DPA) en Argentina, M\u00e9xico, Centroam\u00e9rica y Cuba, entre 1971 y 1998, y editor internacional del diario&nbsp;<em>Exc\u00e9lsior<\/em>&nbsp;de M\u00e9xico, entre 1976 y 1977. Dirigi\u00f3 el Servicio Internacional en Espa\u00f1ol de la agencia DPA durante doce a\u00f1os, entre 1999 y 2010, con sede en Madrid. A su retorno a Bolivia, dirigi\u00f3 durante tres a\u00f1os el diario&nbsp;<em>P\u00e1gina Siete<\/em>&nbsp;(2013\/2016).<\/p>\n\n\n\n<p>Desde diciembre de 2020, dirige la Carrera de Comunicaci\u00f3n Social de la Universidad Cat\u00f3lica Bolivia (UCB) de La Paz.<\/p>\n\n\n\n<p>Es autor de&nbsp;<em>Semejanzas<\/em>&nbsp;(Plural, 2018), un libro de semblanzas de personajes que conoci\u00f3 a lo largo de su carrera profesional, del libro de cuentos&nbsp;<em>Figuraciones<\/em>&nbsp;(Plural, 2021) y del libro de cr\u00f3nicas&nbsp;<em>A la guerra en taxi<\/em>&nbsp;(Plural, 2023). Es coautor de los libros de cr\u00f3nicas&nbsp;<em>La guerrilla que contamos<\/em>&nbsp;(Plural, 2017),&nbsp;<em>Che: Una cabalgata sin fin<\/em>&nbsp;(P\u00e1gina Siete, 2017) y&nbsp;<em>Prontuario<\/em>&nbsp;(Editorial 3600, 2018), y de los libros de historia de periodismo&nbsp;<em>De buena fuente<\/em>&nbsp;(2010),&nbsp;<em>Presencia, una escuela de \u00e9tica y buen periodismo<\/em>&nbsp;(Plural, 2019),&nbsp;<em>El periodismo en tiempos de dictadura<\/em>&nbsp;(Plural, 2021) y&nbsp;<em>Contra viento y marea&nbsp;<\/em>(Plural, 2024).<\/p>\n\n\n\n<p>En 2016 recibi\u00f3 el Premio Nacional de Periodismo. En 2010 fue elegido en Madrid entre las 100 personalidades latinas de Espa\u00f1a (\u201c100 Latinos\u201d), como reconocimiento a su contribuci\u00f3n al desarrollo de las relaciones iberoamericanas. La Asociaci\u00f3n de Periodistas le concedi\u00f3 en 2014 la Medalla \u201cDaniel S\u00e1nchez Bustamante\u201d a la Formaci\u00f3n de Periodistas. Como docente de la UCB, recibi\u00f3 las distinciones Al M\u00e9rito Docente (2012) y A la Excelencia Docente (2018, 2019 y 2022).<\/p>\n\n\n\n<p><strong>RN 19.09.2024<\/strong><\/p>\n\n\n\n<figure class=\"wp-block-embed is-type-wp-embed is-provider-universidad-cat-lica-boliviana-san-pablo wp-block-embed-universidad-cat-lica-boliviana-san-pablo\"><div class=\"wp-block-embed__wrapper\">\n<blockquote class=\"wp-embedded-content\" data-secret=\"YJJeXFBB4S\"><a href=\"https:\/\/www.ucb.edu.bo\/la-u-c-b-celebra-el-nombramiento-de-juan-carlos-salazar-en-la-academia-boliviana-de-la-lengua\/\">La U.C.B. celebra el nombramiento de Juan Carlos Salazar en la Academia Boliviana de la Lengua<\/a><\/blockquote><iframe loading=\"lazy\" class=\"wp-embedded-content\" sandbox=\"allow-scripts\" security=\"restricted\" style=\"position: absolute; clip: rect(1px, 1px, 1px, 1px);\" title=\"\u00abLa U.C.B. celebra el nombramiento de Juan Carlos Salazar en la Academia Boliviana de la Lengua\u00bb \u2014 Universidad Cat\u00f3lica Boliviana San Pablo\" src=\"https:\/\/www.ucb.edu.bo\/la-u-c-b-celebra-el-nombramiento-de-juan-carlos-salazar-en-la-academia-boliviana-de-la-lengua\/embed\/#?secret=IK3aDLXOd7#?secret=YJJeXFBB4S\" data-secret=\"YJJeXFBB4S\" width=\"600\" height=\"338\" frameborder=\"0\" marginwidth=\"0\" marginheight=\"0\" scrolling=\"no\"><\/iframe>\n<\/div><\/figure>\n","protected":false},"excerpt":{"rendered":"<p>Portal de la UCB \u201cMe dirijo a usted para hacerle llegar mis m\u00e1s c\u00e1lidas felicitaciones por su ingreso como miembro de n\u00famero a la Academia Boliviana de la Lengua\u201d.&nbsp;Con estas palabras, el Rector Nacional P. Jos\u00e9 Fuentes Cano, en nombre de toda la comunidad de la Universidad Cat\u00f3lica Boliviana \u00abSan Pablo\u00bb (U.C.B.), felicit\u00f3 a Juan &hellip; <a href=\"https:\/\/desdeeltejado.com\/index.php\/2024\/10\/20\/la-ucb-celebra-el-nombramiento-de-juan-carlos-salazar-en-la-academia-boliviana-de-la-lengua\/\" class=\"more-link\">Continuar leyendo <span class=\"screen-reader-text\">La UCB celebra el nombramiento de Juan Carlos Salazar en la Academia\u00a0 Boliviana de la Lengua<\/span><\/a><\/p>\n","protected":false},"author":3,"featured_media":0,"comment_status":"open","ping_status":"open","sticky":false,"template":"","format":"standard","meta":{"_jetpack_memberships_contains_paid_content":false,"footnotes":""},"categories":[5],"tags":[],"class_list":["post-1002","post","type-post","status-publish","format-standard","hentry","category-noticiasyentrevistas"],"jetpack_featured_media_url":"","jetpack_sharing_enabled":true,"_links":{"self":[{"href":"https:\/\/desdeeltejado.com\/index.php\/wp-json\/wp\/v2\/posts\/1002","targetHints":{"allow":["GET"]}}],"collection":[{"href":"https:\/\/desdeeltejado.com\/index.php\/wp-json\/wp\/v2\/posts"}],"about":[{"href":"https:\/\/desdeeltejado.com\/index.php\/wp-json\/wp\/v2\/types\/post"}],"author":[{"embeddable":true,"href":"https:\/\/desdeeltejado.com\/index.php\/wp-json\/wp\/v2\/users\/3"}],"replies":[{"embeddable":true,"href":"https:\/\/desdeeltejado.com\/index.php\/wp-json\/wp\/v2\/comments?post=1002"}],"version-history":[{"count":3,"href":"https:\/\/desdeeltejado.com\/index.php\/wp-json\/wp\/v2\/posts\/1002\/revisions"}],"predecessor-version":[{"id":1224,"href":"https:\/\/desdeeltejado.com\/index.php\/wp-json\/wp\/v2\/posts\/1002\/revisions\/1224"}],"wp:attachment":[{"href":"https:\/\/desdeeltejado.com\/index.php\/wp-json\/wp\/v2\/media?parent=1002"}],"wp:term":[{"taxonomy":"category","embeddable":true,"href":"https:\/\/desdeeltejado.com\/index.php\/wp-json\/wp\/v2\/categories?post=1002"},{"taxonomy":"post_tag","embeddable":true,"href":"https:\/\/desdeeltejado.com\/index.php\/wp-json\/wp\/v2\/tags?post=1002"}],"curies":[{"name":"wp","href":"https:\/\/api.w.org\/{rel}","templated":true}]}}